{"id":14434,"date":"2019-07-13T00:05:45","date_gmt":"2019-07-12T22:05:45","guid":{"rendered":"https:\/\/alainlarivierephoto.com\/?p=14434"},"modified":"2019-07-06T15:06:53","modified_gmt":"2019-07-06T13:06:53","slug":"ferveur-religieuse","status":"publish","type":"post","link":"https:\/\/alainlarivierephoto.com\/?p=14434","title":{"rendered":"Ferveur religieuse"},"content":{"rendered":"<div id=\"attachment_14216\" style=\"width: 1290px\" class=\"wp-caption aligncenter\"><a href=\"https:\/\/alainlarivierephoto.com\/wp-content\/uploads\/2019\/06\/Ferveur-01E_NX.jpg\"><img loading=\"lazy\" decoding=\"async\" aria-describedby=\"caption-attachment-14216\" class=\"size-large wp-image-14216 colorbox-14434\" src=\"https:\/\/alainlarivierephoto.com\/wp-content\/uploads\/2019\/06\/Ferveur-01E_NX-1280x854.jpg\" alt=\"Ferveur religieuse -1NX-\" width=\"1280\" height=\"854\" srcset=\"https:\/\/alainlarivierephoto.com\/wp-content\/uploads\/2019\/06\/Ferveur-01E_NX.jpg 1280w, https:\/\/alainlarivierephoto.com\/wp-content\/uploads\/2019\/06\/Ferveur-01E_NX-180x120.jpg 180w, https:\/\/alainlarivierephoto.com\/wp-content\/uploads\/2019\/06\/Ferveur-01E_NX-300x200.jpg 300w, https:\/\/alainlarivierephoto.com\/wp-content\/uploads\/2019\/06\/Ferveur-01E_NX-768x512.jpg 768w\" sizes=\"auto, (max-width: 1280px) 100vw, 1280px\" \/><\/a><p id=\"caption-attachment-14216\" class=\"wp-caption-text\">Ferveur religieuse<\/p><\/div>\n<p>&nbsp;<\/p>\n<p style=\"text-align: justify;\">Ferveur religieuse<\/p>\n<p style=\"text-align: justify;\">C\u2019est en visitant l\u2019\u00e9glise romane de Thuret, petit village de la plaine de Limagne (Puy-de-D\u00f4me \u2013 France), que j\u2019ai vu cet homme en pri\u00e8re devant la statue de Saint-B\u00e9nilde *. J\u2019ai attendu quelques minutes avant de d\u00e9clencher, respectant en cela son recueillement, mais devant tant de ferveur je d\u00e9cidai d\u2019enregistrer la sc\u00e8ne.<\/p>\n<p style=\"text-align: justify;\">* B\u00e9nilde est n\u00e9 Pierre Roman\u00e7on \u00e0 Thuret le 14\u00a0juin\u00a01805 et il est mort le 13\u00a0ao\u00fbt\u00a01862. Fr\u00e8re des \u00c9coles chr\u00e9tiennes, il se voue \u00e0 l&rsquo;\u00e9ducation.<\/p>\n<p style=\"text-align: justify;\">Troisi\u00e8me enfant d&rsquo;une famille de six, agriculteurs dans le Puy-de-D\u00f4me, il fit ses \u00e9tudes chez les Fr\u00e8res des \u00c9coles chr\u00e9tiennes de Riom qu&rsquo;il souhaita int\u00e9grer ensuite. Il perdit tr\u00e8s t\u00f4t deux de ses s\u0153urs, sa m\u00e8re, et un fr\u00e8re.<\/p>\n<p style=\"text-align: justify;\">Admis au noviciat de Clermont-Ferrand en f\u00e9vrier 1820, il pronon\u00e7a ses v\u0153ux en juin de la m\u00eame ann\u00e9e, sous le nom de Fr\u00e8re B\u00e9nilde.<\/p>\n<p style=\"text-align: justify;\">Il fut tour \u00e0 tour instituteur \u00e0 Aurillac, Moulins, Limoges, Billom et Clermont-Ferrand, entre 1821 et 1841.<\/p>\n<p style=\"text-align: justify;\">C&rsquo;est en 1841 qu&rsquo;il fut nomm\u00e9 directeur de l&rsquo;\u00e9cole de Saugues, o\u00f9 il resta jusqu&rsquo;\u00e0 sa mort.<\/p>\n<p style=\"text-align: justify;\">Dans l&rsquo;\u00e9glise Saint M\u00e9dard de Saugues, un autel, avec ch\u00e2sse et gisant, lui a \u00e9t\u00e9 consacr\u00e9.<\/p>\n<p style=\"text-align: justify;\">Sa vie fut difficile, il eut \u00e0 faire face \u00e0 de nombreuses difficult\u00e9s mat\u00e9rielles, des oppositions vives avec les notables locaux, il s&rsquo;occupait de la classe, du cat\u00e9chisme, des visites aux malades, toutes choses qu&rsquo;il v\u00e9cut fid\u00e8le \u00e0 sa vocation.<\/p>\n<p style=\"text-align: justify;\">Son abn\u00e9gation profonde et son observance rigoureuse de la r\u00e8gle de son institut, transfigur\u00e9es par son affection pour les enfants, furent la marque de sa saintet\u00e9.<\/p>\n<p style=\"text-align: justify;\">Ce p\u00e9dagogue modeste aura \u00e9t\u00e9 un grand \u00e9veilleur de vocations sacerdotales et religieuses. 15 pr\u00eatres, 200 fr\u00e8res sont issus du canton de Saugues o\u00f9 il passa ses vingt derni\u00e8res ann\u00e9es. Dans les ann\u00e9es 1850, Fr\u00e8re Benilde jouait de l&rsquo;accord\u00e9on diatonique pour apprendre la musique \u00e0 ses \u00e9l\u00e8ves, pour se distraire avec ses fr\u00e8res mais aussi pour accompagner les chants \u00e0 l&rsquo;\u00e9glise. Aucun Saint Patron des accord\u00e9onistes n&rsquo;existant encore, Andr\u00e9 Thivet avec le Fr\u00e8re Rolland proposa Fr\u00e8re B\u00e9nilde. La premi\u00e8re c\u00e9l\u00e9bration fut dite par l&rsquo;Archev\u00eaque de Chamb\u00e9ry, Monseigneur Feidt, le dimanche 12 ao\u00fbt 1990.<\/p>\n<p style=\"text-align: justify;\">Son tombeau devint vite un lieu de p\u00e8lerinage. Lors de la c\u00e9r\u00e9monie de b\u00e9atification, le Pape Pie XII a dit de lui\u00a0: \u00ab\u00a0Il fit les choses communes d&rsquo;une mani\u00e8re non commune\u00a0\u00bb.<\/p>\n<p style=\"text-align: justify;\">Fr\u00e8re B\u00e9nilde est b\u00e9atifi\u00e9 le 4 avril 1948 par le Pape Pie XII et canonis\u00e9 le 29 octobre 1967 par le Pape Paul VI. L&rsquo;\u00c9glise c\u00e9l\u00e8bre sa m\u00e9moire le 13 ao\u00fbt. C&rsquo;est le saint patron des accord\u00e9onistes.<\/p>\n<p style=\"text-align: justify;\">Renseignements\u00a0: http:\/\/fr.wikipedia.org\/wiki\/B\u00e9nilde<\/p>\n","protected":false},"excerpt":{"rendered":"<p>&nbsp; Ferveur religieuse C\u2019est en visitant l\u2019\u00e9glise romane de Thuret, petit village de la plaine de Limagne (Puy-de-D\u00f4me \u2013 France), que j\u2019ai vu cet homme en pri\u00e8re devant la statue de Saint-B\u00e9nilde *. J\u2019ai attendu quelques minutes avant de d\u00e9clencher, respectant en cela son recueillement, mais devant tant de ferveur je d\u00e9cidai d\u2019enregistrer la sc\u00e8ne. [&hellip;]<\/p>\n","protected":false},"author":1,"featured_media":0,"comment_status":"open","ping_status":"open","sticky":false,"template":"","format":"standard","meta":{"footnotes":"","_links_to":"","_links_to_target":""},"categories":[40],"tags":[793,794,1035,1036],"class_list":["post-14434","post","type-post","status-publish","format-standard","hentry","category-personnages","tag-eglise","tag-priere","tag-saint-benilde","tag-thuret"],"_links":{"self":[{"href":"https:\/\/alainlarivierephoto.com\/index.php?rest_route=\/wp\/v2\/posts\/14434","targetHints":{"allow":["GET"]}}],"collection":[{"href":"https:\/\/alainlarivierephoto.com\/index.php?rest_route=\/wp\/v2\/posts"}],"about":[{"href":"https:\/\/alainlarivierephoto.com\/index.php?rest_route=\/wp\/v2\/types\/post"}],"author":[{"embeddable":true,"href":"https:\/\/alainlarivierephoto.com\/index.php?rest_route=\/wp\/v2\/users\/1"}],"replies":[{"embeddable":true,"href":"https:\/\/alainlarivierephoto.com\/index.php?rest_route=%2Fwp%2Fv2%2Fcomments&post=14434"}],"version-history":[{"count":2,"href":"https:\/\/alainlarivierephoto.com\/index.php?rest_route=\/wp\/v2\/posts\/14434\/revisions"}],"predecessor-version":[{"id":14441,"href":"https:\/\/alainlarivierephoto.com\/index.php?rest_route=\/wp\/v2\/posts\/14434\/revisions\/14441"}],"wp:attachment":[{"href":"https:\/\/alainlarivierephoto.com\/index.php?rest_route=%2Fwp%2Fv2%2Fmedia&parent=14434"}],"wp:term":[{"taxonomy":"category","embeddable":true,"href":"https:\/\/alainlarivierephoto.com\/index.php?rest_route=%2Fwp%2Fv2%2Fcategories&post=14434"},{"taxonomy":"post_tag","embeddable":true,"href":"https:\/\/alainlarivierephoto.com\/index.php?rest_route=%2Fwp%2Fv2%2Ftags&post=14434"}],"curies":[{"name":"wp","href":"https:\/\/api.w.org\/{rel}","templated":true}]}}