{"id":14376,"date":"2019-07-03T00:05:04","date_gmt":"2019-07-02T22:05:04","guid":{"rendered":"https:\/\/alainlarivierephoto.com\/?p=14376"},"modified":"2019-06-30T11:02:11","modified_gmt":"2019-06-30T09:02:11","slug":"cucullia-verbasci-la-cucullie-de-la-molene-1","status":"publish","type":"post","link":"https:\/\/alainlarivierephoto.com\/?p=14376","title":{"rendered":"Cucullia verbasci, la Cucullie de la Mol\u00e8ne"},"content":{"rendered":"<div id=\"attachment_14121\" style=\"width: 1290px\" class=\"wp-caption aligncenter\"><a href=\"https:\/\/alainlarivierephoto.com\/wp-content\/uploads\/2019\/06\/Cucullia-verbasci-01E.jpg\"><img loading=\"lazy\" decoding=\"async\" aria-describedby=\"caption-attachment-14121\" class=\"size-large wp-image-14121 colorbox-14376\" src=\"https:\/\/alainlarivierephoto.com\/wp-content\/uploads\/2019\/06\/Cucullia-verbasci-01E-1280x853.jpg\" alt=\"Cucullia verbasci, la Cucullie de la Mol\u00e8ne -1-\" width=\"1280\" height=\"853\" srcset=\"https:\/\/alainlarivierephoto.com\/wp-content\/uploads\/2019\/06\/Cucullia-verbasci-01E.jpg 1280w, https:\/\/alainlarivierephoto.com\/wp-content\/uploads\/2019\/06\/Cucullia-verbasci-01E-180x120.jpg 180w, https:\/\/alainlarivierephoto.com\/wp-content\/uploads\/2019\/06\/Cucullia-verbasci-01E-300x200.jpg 300w, https:\/\/alainlarivierephoto.com\/wp-content\/uploads\/2019\/06\/Cucullia-verbasci-01E-768x512.jpg 768w\" sizes=\"auto, (max-width: 1280px) 100vw, 1280px\" \/><\/a><p id=\"caption-attachment-14121\" class=\"wp-caption-text\">Cucullia verbasci, la Cucullie de la Mol\u00e8ne -1-<\/p><\/div>\n<div id=\"attachment_14122\" style=\"width: 1290px\" class=\"wp-caption aligncenter\"><a href=\"https:\/\/alainlarivierephoto.com\/wp-content\/uploads\/2019\/06\/Cucullia-verbasci-02E.jpg\"><img loading=\"lazy\" decoding=\"async\" aria-describedby=\"caption-attachment-14122\" class=\"size-large wp-image-14122 colorbox-14376\" src=\"https:\/\/alainlarivierephoto.com\/wp-content\/uploads\/2019\/06\/Cucullia-verbasci-02E-1280x853.jpg\" alt=\"Cucullia verbasci, la Cucullie de la Mol\u00e8ne -2-\" width=\"1280\" height=\"853\" srcset=\"https:\/\/alainlarivierephoto.com\/wp-content\/uploads\/2019\/06\/Cucullia-verbasci-02E.jpg 1280w, https:\/\/alainlarivierephoto.com\/wp-content\/uploads\/2019\/06\/Cucullia-verbasci-02E-180x120.jpg 180w, https:\/\/alainlarivierephoto.com\/wp-content\/uploads\/2019\/06\/Cucullia-verbasci-02E-300x200.jpg 300w, https:\/\/alainlarivierephoto.com\/wp-content\/uploads\/2019\/06\/Cucullia-verbasci-02E-768x512.jpg 768w\" sizes=\"auto, (max-width: 1280px) 100vw, 1280px\" \/><\/a><p id=\"caption-attachment-14122\" class=\"wp-caption-text\">Cucullia verbasci, la Cucullie de la Mol\u00e8ne<\/p><\/div>\n<p>&nbsp;<\/p>\n<p>R\u00e8gne\u00a0: Animalia.<br \/>\nEmbranchement\u00a0: Arthropoda.<br \/>\nSous-embranchement\u00a0: Hexapoda.<br \/>\nClasse\u00a0: Insecta.<br \/>\nSous-classe\u00a0: Pterygota.<br \/>\nOrdre\u00a0: Lepidoptera.<br \/>\nSous-ordre\u00a0: Ditrysia.<br \/>\nSuper-famille\u00a0: Noctuoidea.<br \/>\nFamille\u00a0: Noctuidae.<br \/>\nSous-famille\u00a0: Cuculliinae.<br \/>\nGenre\u00a0: <em>Shargacucullia<\/em> ou <em>Cucullia<\/em>.<\/p>\n<p>Nom(s) scientifique(s)\u00a0: <em>Shargacucullia<\/em> (<em>Verbascullia<\/em>) <em>verbasci<\/em>\u00a0; <em>Cucullia verbasci<\/em> Linn\u00e9, 1758.<br \/>\nNom(s) commun(s)\u00a0: Cucullie de la Mol\u00e8ne\u00a0; Cucullie du bouillon blanc\u00a0; la Br\u00e8che.<\/p>\n<p style=\"text-align: justify;\">La Cucullie de la Mol\u00e8ne (<em>Cucullia verbasci<\/em>) est un L\u00e9pidopt\u00e8re de la famille des Noctuid\u00e9s (Noctuidae), sous-famille des Cuculliinae. La chenille a une longueur maximale de 50 mm. Le t\u00e9gument est blanc verd\u00e2tre \u00e0 vert bleut\u00e9 clair. Dorsalement on voit des bandes transversales jaunes avec des dessins noirs. Les flancs sont \u00e9galement orn\u00e9s de t\u00e2ches noires et jaunes. La t\u00eate est jaune mouchet\u00e9e de noir. Quand elles sont inqui\u00e9t\u00e9es les chenilles font saillir leur osmeterium orang\u00e9 (une glande odorante qui \u00e9loigne les pr\u00e9dateurs).<br \/>\nLes chenilles proviennent d\u2019\u0153ufs pondus isol\u00e9ment en mai-juin. Une, deux ou trois g\u00e9n\u00e9rations par an selon les r\u00e9gions. L&rsquo;\u00e9closion a lieu environ une semaine apr\u00e8s la ponte. Les chenilles ont une activit\u00e9 diurne. Le d\u00e9veloppement larvaire dure \u00e0 peu pr\u00e8s un mois. Selon les saisons le stade nymphal dure de trois semaines \u00e0 tout l&rsquo;hiver. Les papillons qui hivernent apparaissent l&rsquo;ann\u00e9e suivante, \u00e0 partir de mars. Il est fr\u00e9quent de rencontrer de nombreuses chenilles sur la m\u00eame plante au revers des feuilles.<br \/>\nL&rsquo;imago est un papillon nocturne de couleur brune d&rsquo;une envergure de 45 \u00e0 50\u00a0mm, dont la beaut\u00e9 est bien en retrait de celle de la chenille.<\/p>\n","protected":false},"excerpt":{"rendered":"<p>&nbsp; R\u00e8gne\u00a0: Animalia. Embranchement\u00a0: Arthropoda. Sous-embranchement\u00a0: Hexapoda. Classe\u00a0: Insecta. Sous-classe\u00a0: Pterygota. Ordre\u00a0: Lepidoptera. Sous-ordre\u00a0: Ditrysia. Super-famille\u00a0: Noctuoidea. Famille\u00a0: Noctuidae. Sous-famille\u00a0: Cuculliinae. Genre\u00a0: Shargacucullia ou Cucullia. Nom(s) scientifique(s)\u00a0: Shargacucullia (Verbascullia) verbasci\u00a0; Cucullia verbasci Linn\u00e9, 1758. Nom(s) commun(s)\u00a0: Cucullie de la Mol\u00e8ne\u00a0; Cucullie du bouillon blanc\u00a0; la Br\u00e8che. La Cucullie de la Mol\u00e8ne (Cucullia verbasci) est un [&hellip;]<\/p>\n","protected":false},"author":1,"featured_media":0,"comment_status":"open","ping_status":"open","sticky":false,"template":"","format":"standard","meta":{"footnotes":"","_links_to":"","_links_to_target":""},"categories":[6,8,7,141],"tags":[538,619,620,621,584,42,537,145,622,623,146,1030],"class_list":["post-14376","post","type-post","status-publish","format-standard","hentry","category-faune","category-insectes","category-invertebres","category-lepidopteres","tag-chenille","tag-cucullia-verbasci","tag-cucullie-de-la-molene","tag-cucullie-du-bouillon-blanc","tag-insecta","tag-insecte","tag-lepidoptera","tag-lepidoptere","tag-noctuidae","tag-noctuide","tag-papillon","tag-shargacucullia"],"_links":{"self":[{"href":"https:\/\/alainlarivierephoto.com\/index.php?rest_route=\/wp\/v2\/posts\/14376","targetHints":{"allow":["GET"]}}],"collection":[{"href":"https:\/\/alainlarivierephoto.com\/index.php?rest_route=\/wp\/v2\/posts"}],"about":[{"href":"https:\/\/alainlarivierephoto.com\/index.php?rest_route=\/wp\/v2\/types\/post"}],"author":[{"embeddable":true,"href":"https:\/\/alainlarivierephoto.com\/index.php?rest_route=\/wp\/v2\/users\/1"}],"replies":[{"embeddable":true,"href":"https:\/\/alainlarivierephoto.com\/index.php?rest_route=%2Fwp%2Fv2%2Fcomments&post=14376"}],"version-history":[{"count":2,"href":"https:\/\/alainlarivierephoto.com\/index.php?rest_route=\/wp\/v2\/posts\/14376\/revisions"}],"predecessor-version":[{"id":14378,"href":"https:\/\/alainlarivierephoto.com\/index.php?rest_route=\/wp\/v2\/posts\/14376\/revisions\/14378"}],"wp:attachment":[{"href":"https:\/\/alainlarivierephoto.com\/index.php?rest_route=%2Fwp%2Fv2%2Fmedia&parent=14376"}],"wp:term":[{"taxonomy":"category","embeddable":true,"href":"https:\/\/alainlarivierephoto.com\/index.php?rest_route=%2Fwp%2Fv2%2Fcategories&post=14376"},{"taxonomy":"post_tag","embeddable":true,"href":"https:\/\/alainlarivierephoto.com\/index.php?rest_route=%2Fwp%2Fv2%2Ftags&post=14376"}],"curies":[{"name":"wp","href":"https:\/\/api.w.org\/{rel}","templated":true}]}}