{"id":14189,"date":"2019-06-27T00:05:21","date_gmt":"2019-06-26T22:05:21","guid":{"rendered":"https:\/\/alainlarivierephoto.com\/?p=14189"},"modified":"2019-06-24T22:12:12","modified_gmt":"2019-06-24T20:12:12","slug":"bombus-pratorum-le-bourdon-des-pres-1-1m","status":"publish","type":"post","link":"https:\/\/alainlarivierephoto.com\/?p=14189","title":{"rendered":"Bombus pratorum, le Bourdon des pr\u00e9s"},"content":{"rendered":"<div id=\"attachment_14099\" style=\"width: 1290px\" class=\"wp-caption aligncenter\"><a href=\"https:\/\/alainlarivierephoto.com\/wp-content\/uploads\/2019\/06\/Bombus-pratorum-01E.jpg\"><img loading=\"lazy\" decoding=\"async\" aria-describedby=\"caption-attachment-14099\" class=\"size-large wp-image-14099 colorbox-14189\" src=\"https:\/\/alainlarivierephoto.com\/wp-content\/uploads\/2019\/06\/Bombus-pratorum-01E-1280x857.jpg\" alt=\"Bombus pratorum, le Bourdon des pr\u00e9s -1-\" width=\"1280\" height=\"857\" srcset=\"https:\/\/alainlarivierephoto.com\/wp-content\/uploads\/2019\/06\/Bombus-pratorum-01E.jpg 1280w, https:\/\/alainlarivierephoto.com\/wp-content\/uploads\/2019\/06\/Bombus-pratorum-01E-180x121.jpg 180w, https:\/\/alainlarivierephoto.com\/wp-content\/uploads\/2019\/06\/Bombus-pratorum-01E-300x201.jpg 300w, https:\/\/alainlarivierephoto.com\/wp-content\/uploads\/2019\/06\/Bombus-pratorum-01E-768x514.jpg 768w\" sizes=\"auto, (max-width: 1280px) 100vw, 1280px\" \/><\/a><p id=\"caption-attachment-14099\" class=\"wp-caption-text\">Bombus pratorum, le Bourdon des pr\u00e9s<\/p><\/div>\n<div id=\"attachment_14098\" style=\"width: 1290px\" class=\"wp-caption aligncenter\"><a href=\"https:\/\/alainlarivierephoto.com\/wp-content\/uploads\/2019\/06\/Bombus-pratorum-01E_M.jpg\"><img loading=\"lazy\" decoding=\"async\" aria-describedby=\"caption-attachment-14098\" class=\"size-large wp-image-14098 colorbox-14189\" src=\"https:\/\/alainlarivierephoto.com\/wp-content\/uploads\/2019\/06\/Bombus-pratorum-01E_M-1280x857.jpg\" alt=\"Bombus pratorum, le Bourdon des pr\u00e9s -1M-\" width=\"1280\" height=\"857\" srcset=\"https:\/\/alainlarivierephoto.com\/wp-content\/uploads\/2019\/06\/Bombus-pratorum-01E_M.jpg 1280w, https:\/\/alainlarivierephoto.com\/wp-content\/uploads\/2019\/06\/Bombus-pratorum-01E_M-180x121.jpg 180w, https:\/\/alainlarivierephoto.com\/wp-content\/uploads\/2019\/06\/Bombus-pratorum-01E_M-300x201.jpg 300w, https:\/\/alainlarivierephoto.com\/wp-content\/uploads\/2019\/06\/Bombus-pratorum-01E_M-768x514.jpg 768w\" sizes=\"auto, (max-width: 1280px) 100vw, 1280px\" \/><\/a><p id=\"caption-attachment-14098\" class=\"wp-caption-text\">Bombus pratorum, le Bourdon des pr\u00e9s<\/p><\/div>\n<p>&nbsp;<\/p>\n<p>R\u00e8gne\u00a0: Animalia.<br \/>\nEmbranchement\u00a0: Arthropoda.<br \/>\nSous-embranchement\u00a0: Hexapoda.<br \/>\nClasse\u00a0: Insecta.<br \/>\nSous-classe\u00a0: Pterygota.<br \/>\nInfra-classe\u00a0: Neoptera.<br \/>\nOrdre\u00a0: Hymenoptera.<br \/>\nSous-ordre\u00a0: Apocrita.<br \/>\nInfra-ordre\u00a0: Aculeata.<br \/>\nSuper-famille\u00a0: Apoidea.<br \/>\nFamille\u00a0: Apidae.<br \/>\nGenre\u00a0: <em>Bombus<\/em>.<\/p>\n<p>Nom scientifique : <em>Bombus pratorum<\/em> (Linn\u00e9, 1761)<br \/>\nNom(s) commun(s) : Bourdon des pr\u00e9s; Bourdon pr\u00e9coce.<\/p>\n<p style=\"text-align: justify;\">Le Bourdon des pr\u00e9s (<em>Bombus pratorum<\/em>) est un Hym\u00e9nopt\u00e8re de la famille des Apid\u00e9s (Apidae). L&rsquo;esp\u00e8ce est commune partout en Europe Centrale et en France. Elle appara\u00eet d\u00e8s le mois de mars et jusqu&rsquo;en juillet seulement.<br \/>\nHabitat en terrain d\u00e9gag\u00e9 : or\u00e9e des bois, prairies, jardins et parcs.<br \/>\nLa reine mesure 15-17 mm, l&rsquo;ouvri\u00e8re 9-14 mm et le m\u00e2le 11-13 mm. Pilosit\u00e9 en partie noire avec une bande jaune \u00e0 l&rsquo;avant du thorax, une autre sur l&rsquo;abdomen (parfois tr\u00e8s \u00e9troites ou manquantes), les trois derniers segments abdominaux avec des poils roux. T\u00eate et thorax du m\u00e2le couverts de poils jaune. Langue courte.<\/p>\n","protected":false},"excerpt":{"rendered":"<p>&nbsp; R\u00e8gne\u00a0: Animalia. Embranchement\u00a0: Arthropoda. Sous-embranchement\u00a0: Hexapoda. Classe\u00a0: Insecta. Sous-classe\u00a0: Pterygota. Infra-classe\u00a0: Neoptera. Ordre\u00a0: Hymenoptera. Sous-ordre\u00a0: Apocrita. Infra-ordre\u00a0: Aculeata. Super-famille\u00a0: Apoidea. Famille\u00a0: Apidae. Genre\u00a0: Bombus. Nom scientifique : Bombus pratorum (Linn\u00e9, 1761) Nom(s) commun(s) : Bourdon des pr\u00e9s; Bourdon pr\u00e9coce. Le Bourdon des pr\u00e9s (Bombus pratorum) est un Hym\u00e9nopt\u00e8re de la famille des Apid\u00e9s (Apidae). [&hellip;]<\/p>\n","protected":false},"author":1,"featured_media":0,"comment_status":"open","ping_status":"open","sticky":false,"template":"","format":"standard","meta":{"footnotes":"","_links_to":"","_links_to_target":""},"categories":[6,10,8,7],"tags":[630,1008,582,581,612,613,583,43,584,42],"class_list":["post-14189","post","type-post","status-publish","format-standard","hentry","category-faune","category-hymenopteres","category-insectes","category-invertebres","tag-animal","tag-animalia","tag-apidae","tag-apide","tag-bombus-pratorum","tag-bourdon-des-pres","tag-hymenoptera","tag-hymenoptere","tag-insecta","tag-insecte"],"_links":{"self":[{"href":"https:\/\/alainlarivierephoto.com\/index.php?rest_route=\/wp\/v2\/posts\/14189","targetHints":{"allow":["GET"]}}],"collection":[{"href":"https:\/\/alainlarivierephoto.com\/index.php?rest_route=\/wp\/v2\/posts"}],"about":[{"href":"https:\/\/alainlarivierephoto.com\/index.php?rest_route=\/wp\/v2\/types\/post"}],"author":[{"embeddable":true,"href":"https:\/\/alainlarivierephoto.com\/index.php?rest_route=\/wp\/v2\/users\/1"}],"replies":[{"embeddable":true,"href":"https:\/\/alainlarivierephoto.com\/index.php?rest_route=%2Fwp%2Fv2%2Fcomments&post=14189"}],"version-history":[{"count":5,"href":"https:\/\/alainlarivierephoto.com\/index.php?rest_route=\/wp\/v2\/posts\/14189\/revisions"}],"predecessor-version":[{"id":14208,"href":"https:\/\/alainlarivierephoto.com\/index.php?rest_route=\/wp\/v2\/posts\/14189\/revisions\/14208"}],"wp:attachment":[{"href":"https:\/\/alainlarivierephoto.com\/index.php?rest_route=%2Fwp%2Fv2%2Fmedia&parent=14189"}],"wp:term":[{"taxonomy":"category","embeddable":true,"href":"https:\/\/alainlarivierephoto.com\/index.php?rest_route=%2Fwp%2Fv2%2Fcategories&post=14189"},{"taxonomy":"post_tag","embeddable":true,"href":"https:\/\/alainlarivierephoto.com\/index.php?rest_route=%2Fwp%2Fv2%2Ftags&post=14189"}],"curies":[{"name":"wp","href":"https:\/\/api.w.org\/{rel}","templated":true}]}}