{"id":14028,"date":"2019-06-01T00:05:56","date_gmt":"2019-05-31T22:05:56","guid":{"rendered":"https:\/\/alainlarivierephoto.com\/?p=14028"},"modified":"2019-05-21T22:36:34","modified_gmt":"2019-05-21T20:36:34","slug":"tropaeolum-lobbianum-la-capucine-de-lobb-1","status":"publish","type":"post","link":"https:\/\/alainlarivierephoto.com\/?p=14028","title":{"rendered":"Tropaeolum lobbianum, la Capucine de Lobb"},"content":{"rendered":"<div id=\"attachment_13960\" style=\"width: 869px\" class=\"wp-caption aligncenter\"><a href=\"https:\/\/alainlarivierephoto.com\/wp-content\/uploads\/2019\/05\/Tropaeolum-lobbianum-hybride-01E.jpg\"><img loading=\"lazy\" decoding=\"async\" aria-describedby=\"caption-attachment-13960\" class=\"size-large wp-image-13960 colorbox-14028\" src=\"https:\/\/alainlarivierephoto.com\/wp-content\/uploads\/2019\/05\/Tropaeolum-lobbianum-hybride-01E-859x1280.jpg\" alt=\"Tropaeolum lobbianum, la Capucine de Lobb -1-\" width=\"859\" height=\"1280\" srcset=\"https:\/\/alainlarivierephoto.com\/wp-content\/uploads\/2019\/05\/Tropaeolum-lobbianum-hybride-01E.jpg 859w, https:\/\/alainlarivierephoto.com\/wp-content\/uploads\/2019\/05\/Tropaeolum-lobbianum-hybride-01E-121x180.jpg 121w, https:\/\/alainlarivierephoto.com\/wp-content\/uploads\/2019\/05\/Tropaeolum-lobbianum-hybride-01E-201x300.jpg 201w, https:\/\/alainlarivierephoto.com\/wp-content\/uploads\/2019\/05\/Tropaeolum-lobbianum-hybride-01E-768x1144.jpg 768w\" sizes=\"auto, (max-width: 859px) 100vw, 859px\" \/><\/a><p id=\"caption-attachment-13960\" class=\"wp-caption-text\">Tropaeolum lobbianum, la Capucine de Lobb<\/p><\/div>\n<p>&nbsp;<\/p>\n<p>R\u00e8gne\u00a0: Plantae.<br \/>\nSous-r\u00e8gne\u00a0: Tracheobionta.<br \/>\nDivision\u00a0: Magnoliophyta.<br \/>\nClasse\u00a0: Magnoliopsida.<br \/>\nOrdre\u00a0: Geraniales.<br \/>\nFamille\u00a0: Tropaeolaceae.<br \/>\nGenre\u00a0: <em>Tropaeolum<\/em>.<\/p>\n<p>Nom(s) scientifique(s)\u00a0: <em>Tropaeolum lobbianum<\/em>\u00a0; <em>Tropaeolum peltophorum<\/em>.<br \/>\nNom(s) commun(s)\u00a0: Capucine de Lobb\u00a0; Cresson du P\u00e9rou\u00a0; Cresson d\u2019Inde.<\/p>\n<p style=\"text-align: justify;\">La Capucine de Lobb (<em>Tropaeolum lobbianum<\/em>) est une plante herbac\u00e9e annuelle de la famille des Tropaeolac\u00e9es (Tropaeolaceae).<br \/>\nToutes les esp\u00e8ces de Capucine sont originaires d\u2019Am\u00e9rique latine. Celles que l&rsquo;on rencontre le plus fr\u00e9quemment dans nos jardins sont des plantes annuelles, cultivars\u00a0de deux esp\u00e8ces proches : la Grande Capucine (<em>Tropaeolum majus<\/em>), originaire du P\u00e9rou et la Capucine de Lobb (<em>Tropaeolum lobbianum<\/em> = <em>T. peltophorum<\/em>), originaire de Colombie.<br \/>\nLes Capucines se rencontrent souvent dans\u00a0nos\u00a0jardins,\u00a0o\u00f9 elles fleurissent tout l&rsquo;\u00e9t\u00e9 et jusqu&rsquo;aux premi\u00e8res gel\u00e9es. Cette esp\u00e8ce, tr\u00e8s vigoureuse, peut atteindre 5 m\u00e8tres de hauteur en peu de temps. Tr\u00e8s florif\u00e8re, cette Capucine offre des fleurs en clochettes dans des coloris vari\u00e9s : jaune, orange, pourpre, rouge.<br \/>\nLes jardiniers les appr\u00e9cient dans le potager, non seulement parce qu&rsquo;elles peuvent garnir avantageusement une cl\u00f4ture disgracieuse, mais surtout parce qu&rsquo;elles ont la capacit\u00e9 int\u00e9ressante d\u2019attirer irr\u00e9sistiblement les\u00a0Pucerons noirs. Ces Pucerons appr\u00e9cient si fort les Capucines, qu&rsquo;ils n\u00e9gligent de coloniser\u00a0les l\u00e9gumes qui poussent \u00e0 proximit\u00e9, l\u00e9gumes\u00a0dont ils sont \u00e9galement friands. En outre, elles peuvent s&rsquo;utiliser en salade ou farcie : le go\u00fbt poivr\u00e9 est d\u00e9licieux.<\/p>\n","protected":false},"excerpt":{"rendered":"<p>&nbsp; R\u00e8gne\u00a0: Plantae. Sous-r\u00e8gne\u00a0: Tracheobionta. Division\u00a0: Magnoliophyta. Classe\u00a0: Magnoliopsida. Ordre\u00a0: Geraniales. Famille\u00a0: Tropaeolaceae. Genre\u00a0: Tropaeolum. Nom(s) scientifique(s)\u00a0: Tropaeolum lobbianum\u00a0; Tropaeolum peltophorum. Nom(s) commun(s)\u00a0: Capucine de Lobb\u00a0; Cresson du P\u00e9rou\u00a0; Cresson d\u2019Inde. La Capucine de Lobb (Tropaeolum lobbianum) est une plante herbac\u00e9e annuelle de la famille des Tropaeolac\u00e9es (Tropaeolaceae). Toutes les esp\u00e8ces de Capucine sont originaires [&hellip;]<\/p>\n","protected":false},"author":1,"featured_media":0,"comment_status":"open","ping_status":"open","sticky":false,"template":"","format":"standard","meta":{"footnotes":"","_links_to":"","_links_to_target":""},"categories":[15,14],"tags":[451,509,1022,1023,738,906,512,510,511,508,1021],"class_list":["post-14028","post","type-post","status-publish","format-standard","hentry","category-au-coeur-des-fleurs","category-flore","tag-annuelle","tag-capucine-de-lobb","tag-cresson-du-perou","tag-cresson-dinde","tag-fleur","tag-plantae","tag-plante","tag-tropaeolaceae","tag-tropaeolacee","tag-tropaeolum-lobbianum","tag-tropaeolum-peltophorum"],"_links":{"self":[{"href":"https:\/\/alainlarivierephoto.com\/index.php?rest_route=\/wp\/v2\/posts\/14028","targetHints":{"allow":["GET"]}}],"collection":[{"href":"https:\/\/alainlarivierephoto.com\/index.php?rest_route=\/wp\/v2\/posts"}],"about":[{"href":"https:\/\/alainlarivierephoto.com\/index.php?rest_route=\/wp\/v2\/types\/post"}],"author":[{"embeddable":true,"href":"https:\/\/alainlarivierephoto.com\/index.php?rest_route=\/wp\/v2\/users\/1"}],"replies":[{"embeddable":true,"href":"https:\/\/alainlarivierephoto.com\/index.php?rest_route=%2Fwp%2Fv2%2Fcomments&post=14028"}],"version-history":[{"count":3,"href":"https:\/\/alainlarivierephoto.com\/index.php?rest_route=\/wp\/v2\/posts\/14028\/revisions"}],"predecessor-version":[{"id":14031,"href":"https:\/\/alainlarivierephoto.com\/index.php?rest_route=\/wp\/v2\/posts\/14028\/revisions\/14031"}],"wp:attachment":[{"href":"https:\/\/alainlarivierephoto.com\/index.php?rest_route=%2Fwp%2Fv2%2Fmedia&parent=14028"}],"wp:term":[{"taxonomy":"category","embeddable":true,"href":"https:\/\/alainlarivierephoto.com\/index.php?rest_route=%2Fwp%2Fv2%2Fcategories&post=14028"},{"taxonomy":"post_tag","embeddable":true,"href":"https:\/\/alainlarivierephoto.com\/index.php?rest_route=%2Fwp%2Fv2%2Ftags&post=14028"}],"curies":[{"name":"wp","href":"https:\/\/api.w.org\/{rel}","templated":true}]}}