{"id":13998,"date":"2019-05-17T00:05:52","date_gmt":"2019-05-16T22:05:52","guid":{"rendered":"https:\/\/alainlarivierephoto.com\/?p=13998"},"modified":"2019-05-09T19:13:00","modified_gmt":"2019-05-09T17:13:00","slug":"myrabilis-jalapa-la-belle-de-nuit-1-3-5","status":"publish","type":"post","link":"https:\/\/alainlarivierephoto.com\/?p=13998","title":{"rendered":"Myrabilis jalapa, la Belle de nuit"},"content":{"rendered":"<div id=\"attachment_13932\" style=\"width: 1290px\" class=\"wp-caption aligncenter\"><a href=\"https:\/\/alainlarivierephoto.com\/wp-content\/uploads\/2019\/05\/Mirabilis-jalapa-01E.jpg\"><img loading=\"lazy\" decoding=\"async\" aria-describedby=\"caption-attachment-13932\" class=\"size-large wp-image-13932 colorbox-13998\" src=\"https:\/\/alainlarivierephoto.com\/wp-content\/uploads\/2019\/05\/Mirabilis-jalapa-01E-1280x851.jpg\" alt=\"Myrabilis jalapa, la Belle de nuit -1-\" width=\"1280\" height=\"851\" srcset=\"https:\/\/alainlarivierephoto.com\/wp-content\/uploads\/2019\/05\/Mirabilis-jalapa-01E.jpg 1280w, https:\/\/alainlarivierephoto.com\/wp-content\/uploads\/2019\/05\/Mirabilis-jalapa-01E-180x120.jpg 180w, https:\/\/alainlarivierephoto.com\/wp-content\/uploads\/2019\/05\/Mirabilis-jalapa-01E-300x199.jpg 300w, https:\/\/alainlarivierephoto.com\/wp-content\/uploads\/2019\/05\/Mirabilis-jalapa-01E-768x511.jpg 768w\" sizes=\"auto, (max-width: 1280px) 100vw, 1280px\" \/><\/a><p id=\"caption-attachment-13932\" class=\"wp-caption-text\">Myrabilis jalapa, la Belle de nuit<\/p><\/div>\n<div id=\"attachment_13934\" style=\"width: 1290px\" class=\"wp-caption aligncenter\"><a href=\"https:\/\/alainlarivierephoto.com\/wp-content\/uploads\/2019\/05\/Mirabilis-jalapa-05E.jpg\"><img loading=\"lazy\" decoding=\"async\" aria-describedby=\"caption-attachment-13934\" class=\"size-large wp-image-13934 colorbox-13998\" src=\"https:\/\/alainlarivierephoto.com\/wp-content\/uploads\/2019\/05\/Mirabilis-jalapa-05E-1280x851.jpg\" alt=\"Myrabilis jalapa, la Belle de nuit -3-\" width=\"1280\" height=\"851\" srcset=\"https:\/\/alainlarivierephoto.com\/wp-content\/uploads\/2019\/05\/Mirabilis-jalapa-05E.jpg 1280w, https:\/\/alainlarivierephoto.com\/wp-content\/uploads\/2019\/05\/Mirabilis-jalapa-05E-180x120.jpg 180w, https:\/\/alainlarivierephoto.com\/wp-content\/uploads\/2019\/05\/Mirabilis-jalapa-05E-300x199.jpg 300w, https:\/\/alainlarivierephoto.com\/wp-content\/uploads\/2019\/05\/Mirabilis-jalapa-05E-768x511.jpg 768w\" sizes=\"auto, (max-width: 1280px) 100vw, 1280px\" \/><\/a><p id=\"caption-attachment-13934\" class=\"wp-caption-text\">Myrabilis jalapa, la Belle de nuit<\/p><\/div>\n<div id=\"attachment_13936\" style=\"width: 1290px\" class=\"wp-caption aligncenter\"><a href=\"https:\/\/alainlarivierephoto.com\/wp-content\/uploads\/2019\/05\/Mirabilis-jalapa-08E.jpg\"><img loading=\"lazy\" decoding=\"async\" aria-describedby=\"caption-attachment-13936\" class=\"size-large wp-image-13936 colorbox-13998\" src=\"https:\/\/alainlarivierephoto.com\/wp-content\/uploads\/2019\/05\/Mirabilis-jalapa-08E-1280x851.jpg\" alt=\"Myrabilis jalapa, la Belle de nuit -5-\" width=\"1280\" height=\"851\" srcset=\"https:\/\/alainlarivierephoto.com\/wp-content\/uploads\/2019\/05\/Mirabilis-jalapa-08E.jpg 1280w, https:\/\/alainlarivierephoto.com\/wp-content\/uploads\/2019\/05\/Mirabilis-jalapa-08E-180x120.jpg 180w, https:\/\/alainlarivierephoto.com\/wp-content\/uploads\/2019\/05\/Mirabilis-jalapa-08E-300x199.jpg 300w, https:\/\/alainlarivierephoto.com\/wp-content\/uploads\/2019\/05\/Mirabilis-jalapa-08E-768x511.jpg 768w\" sizes=\"auto, (max-width: 1280px) 100vw, 1280px\" \/><\/a><p id=\"caption-attachment-13936\" class=\"wp-caption-text\">Myrabilis jalapa, la Belle de nuit<\/p><\/div>\n<p>&nbsp;<\/p>\n<p>R\u00e8gne\u00a0: Plantae.<br \/>\nDivision\u00a0: Magnoliophyta.<br \/>\nClasse\u00a0: Magnoliopsida.<br \/>\nOrdre\u00a0: Caryophyllales.<br \/>\nFamille\u00a0: Nyctaginaceae.<br \/>\nGenre\u00a0: <em>Myrabilis<\/em>.<\/p>\n<p>Nom scientifique : <em>Myrabilis jalapa<\/em> Linn\u00e9, 1753.<br \/>\nNom(s) commun(s) : Belle de nuit\u00a0; Merveille du P\u00e9rou.<\/p>\n<p style=\"text-align: justify;\">La Belle de nuit (<em>Myrabilis jalapa<\/em>) est une plante herbac\u00e9e vivace de la famille des Nyctaginac\u00e9es (Nyctaginaceae).<br \/>\nConsid\u00e9r\u00e9e comme annuelle c&rsquo;est en fait une vivace par ses racines tub\u00e9reuses. Plante buissonnante, \u00e0 tiges ramifi\u00e9es hautes de 60 \u00e0 80 cm. Les fleurs en entonnoir \u00e9vas\u00e9, dans des coloris blanc, jaune, rouge rose ou panach\u00e9, s&rsquo;\u00e9panouissent de juillet aux gel\u00e9es. Elles ne s&rsquo;ouvrent qu&rsquo;en fin d&rsquo;apr\u00e8s-midi pour se refermer dans la matin\u00e9e. Plante tr\u00e8s d\u00e9corative par son feuillage et sa floraison vesp\u00e9rale multicolore et du d\u00e9licat parfum qu&rsquo;exhalent les fleurs \u00e0 la tomb\u00e9e du jour.<br \/>\nOriginaire d&rsquo;Am\u00e9rique subtropicale, elle fut introduite en Europe \u00e0 la fin du XVIe si\u00e8cle.<\/p>\n<p>Pour plus d\u2019informations\u00a0: http:\/\/fr.wikipedia.org\/wiki\/Mirabilis_jalapa<\/p>\n","protected":false},"excerpt":{"rendered":"<p>&nbsp; R\u00e8gne\u00a0: Plantae. Division\u00a0: Magnoliophyta. Classe\u00a0: Magnoliopsida. Ordre\u00a0: Caryophyllales. Famille\u00a0: Nyctaginaceae. Genre\u00a0: Myrabilis. Nom scientifique : Myrabilis jalapa Linn\u00e9, 1753. Nom(s) commun(s) : Belle de nuit\u00a0; Merveille du P\u00e9rou. La Belle de nuit (Myrabilis jalapa) est une plante herbac\u00e9e vivace de la famille des Nyctaginac\u00e9es (Nyctaginaceae). Consid\u00e9r\u00e9e comme annuelle c&rsquo;est en fait une vivace par [&hellip;]<\/p>\n","protected":false},"author":1,"featured_media":0,"comment_status":"open","ping_status":"open","sticky":false,"template":"","format":"standard","meta":{"footnotes":"","_links_to":"","_links_to_target":""},"categories":[15,14],"tags":[517,738,1016,1015,1017,518,519,906,512,799],"class_list":["post-13998","post","type-post","status-publish","format-standard","hentry","category-au-coeur-des-fleurs","category-flore","tag-belle-de-nuit","tag-fleur","tag-merveille-du-perou","tag-myrabilis","tag-myrabilis-jalapa","tag-nyctaginaceae","tag-nyctaginacee","tag-plantae","tag-plante","tag-vivace"],"_links":{"self":[{"href":"https:\/\/alainlarivierephoto.com\/index.php?rest_route=\/wp\/v2\/posts\/13998","targetHints":{"allow":["GET"]}}],"collection":[{"href":"https:\/\/alainlarivierephoto.com\/index.php?rest_route=\/wp\/v2\/posts"}],"about":[{"href":"https:\/\/alainlarivierephoto.com\/index.php?rest_route=\/wp\/v2\/types\/post"}],"author":[{"embeddable":true,"href":"https:\/\/alainlarivierephoto.com\/index.php?rest_route=\/wp\/v2\/users\/1"}],"replies":[{"embeddable":true,"href":"https:\/\/alainlarivierephoto.com\/index.php?rest_route=%2Fwp%2Fv2%2Fcomments&post=13998"}],"version-history":[{"count":1,"href":"https:\/\/alainlarivierephoto.com\/index.php?rest_route=\/wp\/v2\/posts\/13998\/revisions"}],"predecessor-version":[{"id":13999,"href":"https:\/\/alainlarivierephoto.com\/index.php?rest_route=\/wp\/v2\/posts\/13998\/revisions\/13999"}],"wp:attachment":[{"href":"https:\/\/alainlarivierephoto.com\/index.php?rest_route=%2Fwp%2Fv2%2Fmedia&parent=13998"}],"wp:term":[{"taxonomy":"category","embeddable":true,"href":"https:\/\/alainlarivierephoto.com\/index.php?rest_route=%2Fwp%2Fv2%2Fcategories&post=13998"},{"taxonomy":"post_tag","embeddable":true,"href":"https:\/\/alainlarivierephoto.com\/index.php?rest_route=%2Fwp%2Fv2%2Ftags&post=13998"}],"curies":[{"name":"wp","href":"https:\/\/api.w.org\/{rel}","templated":true}]}}