{"id":13986,"date":"2019-05-13T00:05:59","date_gmt":"2019-05-12T22:05:59","guid":{"rendered":"https:\/\/alainlarivierephoto.com\/?p=13986"},"modified":"2019-05-09T18:57:42","modified_gmt":"2019-05-09T16:57:42","slug":"araneus-diadematus-lepeire-diademe-3","status":"publish","type":"post","link":"https:\/\/alainlarivierephoto.com\/?p=13986","title":{"rendered":"Araneus diadematus, l&rsquo;Epeire diad\u00e8me"},"content":{"rendered":"<div id=\"attachment_13885\" style=\"width: 1290px\" class=\"wp-caption aligncenter\"><a href=\"https:\/\/alainlarivierephoto.com\/wp-content\/uploads\/2019\/05\/Araneus-diadematus-03ER.jpg\"><img loading=\"lazy\" decoding=\"async\" aria-describedby=\"caption-attachment-13885\" class=\"size-large wp-image-13885 colorbox-13986\" src=\"https:\/\/alainlarivierephoto.com\/wp-content\/uploads\/2019\/05\/Araneus-diadematus-03ER-1280x870.jpg\" alt=\"Araneus diadematus, l'Epeire diad\u00e8me -3-\" width=\"1280\" height=\"870\" srcset=\"https:\/\/alainlarivierephoto.com\/wp-content\/uploads\/2019\/05\/Araneus-diadematus-03ER.jpg 1280w, https:\/\/alainlarivierephoto.com\/wp-content\/uploads\/2019\/05\/Araneus-diadematus-03ER-180x122.jpg 180w, https:\/\/alainlarivierephoto.com\/wp-content\/uploads\/2019\/05\/Araneus-diadematus-03ER-300x204.jpg 300w, https:\/\/alainlarivierephoto.com\/wp-content\/uploads\/2019\/05\/Araneus-diadematus-03ER-768x522.jpg 768w\" sizes=\"auto, (max-width: 1280px) 100vw, 1280px\" \/><\/a><p id=\"caption-attachment-13885\" class=\"wp-caption-text\">Araneus diadematus, l&rsquo;Epeire diad\u00e8me<\/p><\/div>\n<p>&nbsp;<\/p>\n<p>R\u00e8gne\u00a0: Animalia.<br \/>\nEmbranchement\u00a0: Arthropoda.<br \/>\nSous-embranchement\u00a0: Chelicerata.<br \/>\nClasse\u00a0: Arachnida.<br \/>\nOrdre\u00a0: Araneae.<br \/>\nSous-ordre\u00a0: Araneomorphae.<br \/>\nFamille\u00a0: Araneidae.<br \/>\nGenre\u00a0: <em>Araneus<\/em>.<\/p>\n<p>Nom scientifique\u00a0: <em>Araneus diadematus<\/em> Clerck, 1757.<br \/>\nNom(s) communs(s)\u00a0: Epeire diad\u00e8me\u00a0; Epeire des jardins\u00a0; Araign\u00e9e porte-croix.<\/p>\n<p style=\"text-align: justify;\">L\u2019Epeire diad\u00e8me (<em>Araneus diadematus<\/em>) est une araign\u00e9e de la famille des Aran\u00e9id\u00e9s (Araneidae) (= Argiopidae). Le genre <em>Araneus<\/em>, l\u2019un des plus important de l\u2019ordre des Aran\u00e9ides, comprend un millier d\u2019esp\u00e8ces r\u00e9pertori\u00e9es dont plus de quarante pour la faune de France.<br \/>\nLa toile est de type orbiculaire, de dimensions parfois importantes par rapport \u00e0 sa propre taille, puisqu&rsquo;elle peut atteindre, exceptionnellement, un m\u00e8tre, avec une retraite (en cas de danger) qui se compose de quelques feuilles rapproch\u00e9es maintenues par de la soie. La toile est refaite tous les jours : l&rsquo;\u00e9peire ne r\u00e9pare pas sa toile et la recommence tous les matins (cf. Jean-Henri Fabre).<br \/>\nCette araign\u00e9e est facilement reconnaissable au dessin en forme de croix, de couleur claire, que l&rsquo;on trouve sur son abdomen, qui lui est de couleur brune. La partie la plus large de l&rsquo;abdomen se trouve dans le tiers sup\u00e9rieur.<br \/>\nLes deux sexes ont un aspect assez diff\u00e9rent, principalement au niveau de la taille (dimorphisme sexuel). Ainsi, les individus m\u00e2les font moins d&rsquo;un centim\u00e8tre alors que les femelles peuvent atteindre un centim\u00e8tre.<br \/>\nDu fait de sa taille r\u00e9duite, le m\u00e2le doit faire attention lorsqu&rsquo;il approche la femelle, car elle risque de l&rsquo;attaquer et de le d\u00e9vorer comme n&rsquo;importe quelle autre proie. La femelle est r\u00e9ceptive \u00e0 l\u2019accouplement 3 ou 4 jours dans sa vie. Jusqu&rsquo;\u00e0 60 m\u00e2les diff\u00e9rents peuvent se succ\u00e9der, jour apr\u00e8s jour, sur une m\u00eame toile. La reproduction a lieu l\u2019hiver.<br \/>\nUne fois f\u00e9cond\u00e9e, la femelle d\u00e9pose ses \u0153ufs dans un cocon protecteur jaune avant de se laisser tomber pour mourir d&rsquo;\u00e9puisement.<\/p>\n","protected":false},"excerpt":{"rendered":"<p>&nbsp; R\u00e8gne\u00a0: Animalia. Embranchement\u00a0: Arthropoda. Sous-embranchement\u00a0: Chelicerata. Classe\u00a0: Arachnida. Ordre\u00a0: Araneae. Sous-ordre\u00a0: Araneomorphae. Famille\u00a0: Araneidae. Genre\u00a0: Araneus. Nom scientifique\u00a0: Araneus diadematus Clerck, 1757. Nom(s) communs(s)\u00a0: Epeire diad\u00e8me\u00a0; Epeire des jardins\u00a0; Araign\u00e9e porte-croix. L\u2019Epeire diad\u00e8me (Araneus diadematus) est une araign\u00e9e de la famille des Aran\u00e9id\u00e9s (Araneidae) (= Argiopidae). Le genre Araneus, l\u2019un des plus important de [&hellip;]<\/p>\n","protected":false},"author":1,"featured_media":0,"comment_status":"open","ping_status":"open","sticky":false,"template":"","format":"standard","meta":{"footnotes":"","_links_to":"","_links_to_target":""},"categories":[398,6,7],"tags":[630,1008,628,483,404,1010,627,479,1011,476,1009,477],"class_list":["post-13986","post","type-post","status-publish","format-standard","hentry","category-araignees-invertebres","category-faune","category-invertebres","tag-animal","tag-animalia","tag-arachnida","tag-arachnide","tag-araignee","tag-araignee-porte-croix","tag-araneae","tag-araneidae","tag-araneide","tag-araneus-diadematus","tag-epeire-des-jardins","tag-epeire-diademe"],"_links":{"self":[{"href":"https:\/\/alainlarivierephoto.com\/index.php?rest_route=\/wp\/v2\/posts\/13986","targetHints":{"allow":["GET"]}}],"collection":[{"href":"https:\/\/alainlarivierephoto.com\/index.php?rest_route=\/wp\/v2\/posts"}],"about":[{"href":"https:\/\/alainlarivierephoto.com\/index.php?rest_route=\/wp\/v2\/types\/post"}],"author":[{"embeddable":true,"href":"https:\/\/alainlarivierephoto.com\/index.php?rest_route=\/wp\/v2\/users\/1"}],"replies":[{"embeddable":true,"href":"https:\/\/alainlarivierephoto.com\/index.php?rest_route=%2Fwp%2Fv2%2Fcomments&post=13986"}],"version-history":[{"count":3,"href":"https:\/\/alainlarivierephoto.com\/index.php?rest_route=\/wp\/v2\/posts\/13986\/revisions"}],"predecessor-version":[{"id":13989,"href":"https:\/\/alainlarivierephoto.com\/index.php?rest_route=\/wp\/v2\/posts\/13986\/revisions\/13989"}],"wp:attachment":[{"href":"https:\/\/alainlarivierephoto.com\/index.php?rest_route=%2Fwp%2Fv2%2Fmedia&parent=13986"}],"wp:term":[{"taxonomy":"category","embeddable":true,"href":"https:\/\/alainlarivierephoto.com\/index.php?rest_route=%2Fwp%2Fv2%2Fcategories&post=13986"},{"taxonomy":"post_tag","embeddable":true,"href":"https:\/\/alainlarivierephoto.com\/index.php?rest_route=%2Fwp%2Fv2%2Ftags&post=13986"}],"curies":[{"name":"wp","href":"https:\/\/api.w.org\/{rel}","templated":true}]}}