{"id":13968,"date":"2019-05-07T00:05:01","date_gmt":"2019-05-06T22:05:01","guid":{"rendered":"https:\/\/alainlarivierephoto.com\/?p=13968"},"modified":"2019-05-06T23:12:52","modified_gmt":"2019-05-06T21:12:52","slug":"anemone-nemorosa-lanemone-sylvie-1-2","status":"publish","type":"post","link":"https:\/\/alainlarivierephoto.com\/?p=13968","title":{"rendered":"Anemone nemorosa, l&rsquo;An\u00e9mone sylvie"},"content":{"rendered":"<div id=\"attachment_13881\" style=\"width: 1290px\" class=\"wp-caption aligncenter\"><a href=\"https:\/\/alainlarivierephoto.com\/wp-content\/uploads\/2019\/05\/Anemone-nemorosa-01E.jpg\"><img loading=\"lazy\" decoding=\"async\" aria-describedby=\"caption-attachment-13881\" class=\"size-large wp-image-13881 colorbox-13968\" src=\"https:\/\/alainlarivierephoto.com\/wp-content\/uploads\/2019\/05\/Anemone-nemorosa-01E-1280x851.jpg\" alt=\"Anemone nemorosa, l'An\u00e9mone sylvie -1-\" width=\"1280\" height=\"851\" srcset=\"https:\/\/alainlarivierephoto.com\/wp-content\/uploads\/2019\/05\/Anemone-nemorosa-01E.jpg 1280w, https:\/\/alainlarivierephoto.com\/wp-content\/uploads\/2019\/05\/Anemone-nemorosa-01E-180x120.jpg 180w, https:\/\/alainlarivierephoto.com\/wp-content\/uploads\/2019\/05\/Anemone-nemorosa-01E-300x199.jpg 300w, https:\/\/alainlarivierephoto.com\/wp-content\/uploads\/2019\/05\/Anemone-nemorosa-01E-768x511.jpg 768w\" sizes=\"auto, (max-width: 1280px) 100vw, 1280px\" \/><\/a><p id=\"caption-attachment-13881\" class=\"wp-caption-text\">Anemone nemorosa, l&rsquo;An\u00e9mone sylvie<\/p><\/div>\n<div id=\"attachment_13882\" style=\"width: 1290px\" class=\"wp-caption aligncenter\"><a href=\"https:\/\/alainlarivierephoto.com\/wp-content\/uploads\/2019\/05\/Anemone-nemorosa-02E.jpg\"><img loading=\"lazy\" decoding=\"async\" aria-describedby=\"caption-attachment-13882\" class=\"size-large wp-image-13882 colorbox-13968\" src=\"https:\/\/alainlarivierephoto.com\/wp-content\/uploads\/2019\/05\/Anemone-nemorosa-02E-1280x851.jpg\" alt=\"Anemone nemorosa, l'An\u00e9mone sylvie -2-\" width=\"1280\" height=\"851\" srcset=\"https:\/\/alainlarivierephoto.com\/wp-content\/uploads\/2019\/05\/Anemone-nemorosa-02E.jpg 1280w, https:\/\/alainlarivierephoto.com\/wp-content\/uploads\/2019\/05\/Anemone-nemorosa-02E-180x120.jpg 180w, https:\/\/alainlarivierephoto.com\/wp-content\/uploads\/2019\/05\/Anemone-nemorosa-02E-300x199.jpg 300w, https:\/\/alainlarivierephoto.com\/wp-content\/uploads\/2019\/05\/Anemone-nemorosa-02E-768x511.jpg 768w\" sizes=\"auto, (max-width: 1280px) 100vw, 1280px\" \/><\/a><p id=\"caption-attachment-13882\" class=\"wp-caption-text\">Anemone nemorosa, l&rsquo;An\u00e9mone sylvie<\/p><\/div>\n<p>&nbsp;<\/p>\n<p>R\u00e8gne\u00a0: Plantae<br \/>\nSous-r\u00e8gne\u00a0: Tracheobionta.<br \/>\nDivision\u00a0: Magnoliophyta.<br \/>\nClasse\u00a0: Magnoliopsida.<br \/>\nSous-classe\u00a0: Dilleniidae.<br \/>\nOrdre\u00a0: Ranunculales.<br \/>\nFamille\u00a0: Ranunculaceae.<br \/>\nGenre\u00a0: <em>Anemone<\/em>.<\/p>\n<p>Nom scientifique\u00a0: <em>Anemone nemorosa<\/em> Linn\u00e9, 1753.<br \/>\nNom(s) commun(s)\u00a0: An\u00e9mone sylvie\u00a0; An\u00e9mone des bois\u00a0; P\u00e2quette.<\/p>\n<p style=\"text-align: justify;\">L&rsquo;An\u00e9mone sylvie ou An\u00e9mone des bois (<em>Anemone nemorosa<\/em>) du grec anemos\u00a0 : \u00ab\u00a0vent\u00a0\u00bb et du latin nemorosus\u00a0: \u00ab\u00a0des bois\u00a0\u00bb) est une plante herbac\u00e9e vivace de la famille des Renonculac\u00e9es (Ranunculaceae).<br \/>\nOn trouve cette esp\u00e8ce dans les sous-bois feuillus frais\u00a0; prairies humides en zones montagneuses et sub-montagneuses. Son aire de r\u00e9partition comprend pratiquement toute l&rsquo;Europe mais elle est plus rare dans les r\u00e9gions m\u00e9diterran\u00e9ennes. Elle est pr\u00e9sente dans presque toute l&rsquo;Europe\u00a0; l\u2019Asie occidentale\u00a0et l\u2019Am\u00e9rique bor\u00e9ale (zone holarctique).<br \/>\nCette plante a un cycle v\u00e9g\u00e9tatif pr\u00e9coce qui lui permet de profiter de la lumi\u00e8re avant que les feuillages des arbres obscurcissent les sous-bois.<br \/>\nLes fleurs blanches \u00e0 blanc rose suivent la course du soleil, ce qui leur permet de mieux r\u00e9fl\u00e9chir les UV solaires et d\u2019\u00eatre mieux vues par les insectes pollinisateurs.<br \/>\nPar temps humide, elles referment leur calice p\u00e9talo\u00efde pour prot\u00e9ger le pollen. Dans les milieux qui leur conviennent, les tapis form\u00e9s par les an\u00e9mones sylvie sont tr\u00e8s denses.<br \/>\nSon rhizome cro\u00eet \u00e0 la vitesse de deux \u00e0 trois centim\u00e8tres par an. La fleur n&rsquo;occupe pas la m\u00eame position ann\u00e9e apr\u00e8s ann\u00e9e, elle se d\u00e9place en suivant son rhizome.<br \/>\nPlante toxique et irritante.<br \/>\nUn champignon ascomyc\u00e8te, la Scl\u00e9rotinie tub\u00e9reuse (Dumontinia tuberosa)\u00a0est inf\u00e9od\u00e9 \u00e0 l&rsquo;an\u00e9mone sylvie, son scl\u00e9rote se d\u00e9veloppant sur les racines de la plante.<\/p>\n","protected":false},"excerpt":{"rendered":"<p>&nbsp; R\u00e8gne\u00a0: Plantae Sous-r\u00e8gne\u00a0: Tracheobionta. Division\u00a0: Magnoliophyta. Classe\u00a0: Magnoliopsida. Sous-classe\u00a0: Dilleniidae. Ordre\u00a0: Ranunculales. Famille\u00a0: Ranunculaceae. Genre\u00a0: Anemone. Nom scientifique\u00a0: Anemone nemorosa Linn\u00e9, 1753. Nom(s) commun(s)\u00a0: An\u00e9mone sylvie\u00a0; An\u00e9mone des bois\u00a0; P\u00e2quette. L&rsquo;An\u00e9mone sylvie ou An\u00e9mone des bois (Anemone nemorosa) du grec anemos\u00a0 : \u00ab\u00a0vent\u00a0\u00bb et du latin nemorosus\u00a0: \u00ab\u00a0des bois\u00a0\u00bb) est une plante herbac\u00e9e vivace [&hellip;]<\/p>\n","protected":false},"author":1,"featured_media":0,"comment_status":"open","ping_status":"open","sticky":false,"template":"","format":"standard","meta":{"footnotes":"","_links_to":"","_links_to_target":""},"categories":[15,14],"tags":[378,1007,1006,738,906,512,1005,800],"class_list":["post-13968","post","type-post","status-publish","format-standard","hentry","category-au-coeur-des-fleurs","category-flore","tag-anemone","tag-anemone-des-bois","tag-anemone-sylvie","tag-fleur","tag-plantae","tag-plante","tag-ranunculaceae","tag-renonculacee"],"_links":{"self":[{"href":"https:\/\/alainlarivierephoto.com\/index.php?rest_route=\/wp\/v2\/posts\/13968","targetHints":{"allow":["GET"]}}],"collection":[{"href":"https:\/\/alainlarivierephoto.com\/index.php?rest_route=\/wp\/v2\/posts"}],"about":[{"href":"https:\/\/alainlarivierephoto.com\/index.php?rest_route=\/wp\/v2\/types\/post"}],"author":[{"embeddable":true,"href":"https:\/\/alainlarivierephoto.com\/index.php?rest_route=\/wp\/v2\/users\/1"}],"replies":[{"embeddable":true,"href":"https:\/\/alainlarivierephoto.com\/index.php?rest_route=%2Fwp%2Fv2%2Fcomments&post=13968"}],"version-history":[{"count":2,"href":"https:\/\/alainlarivierephoto.com\/index.php?rest_route=\/wp\/v2\/posts\/13968\/revisions"}],"predecessor-version":[{"id":13970,"href":"https:\/\/alainlarivierephoto.com\/index.php?rest_route=\/wp\/v2\/posts\/13968\/revisions\/13970"}],"wp:attachment":[{"href":"https:\/\/alainlarivierephoto.com\/index.php?rest_route=%2Fwp%2Fv2%2Fmedia&parent=13968"}],"wp:term":[{"taxonomy":"category","embeddable":true,"href":"https:\/\/alainlarivierephoto.com\/index.php?rest_route=%2Fwp%2Fv2%2Fcategories&post=13968"},{"taxonomy":"post_tag","embeddable":true,"href":"https:\/\/alainlarivierephoto.com\/index.php?rest_route=%2Fwp%2Fv2%2Ftags&post=13968"}],"curies":[{"name":"wp","href":"https:\/\/api.w.org\/{rel}","templated":true}]}}