{"id":13866,"date":"2019-04-27T00:05:50","date_gmt":"2019-04-26T22:05:50","guid":{"rendered":"https:\/\/alainlarivierephoto.com\/?p=13866"},"modified":"2019-04-24T21:59:33","modified_gmt":"2019-04-24T19:59:33","slug":"la-croustadine-1-2","status":"publish","type":"post","link":"https:\/\/alainlarivierephoto.com\/?p=13866","title":{"rendered":"La Croustadine"},"content":{"rendered":"<div id=\"attachment_13402\" style=\"width: 1290px\" class=\"wp-caption aligncenter\"><a href=\"https:\/\/alainlarivierephoto.com\/wp-content\/uploads\/2019\/01\/La-Croustadine-01E.jpg\"><img loading=\"lazy\" decoding=\"async\" aria-describedby=\"caption-attachment-13402\" class=\"size-large wp-image-13402 colorbox-13866\" src=\"https:\/\/alainlarivierephoto.com\/wp-content\/uploads\/2019\/01\/La-Croustadine-01E-1280x841.jpg\" alt=\"La Croustadine -1-\" width=\"1280\" height=\"841\" srcset=\"https:\/\/alainlarivierephoto.com\/wp-content\/uploads\/2019\/01\/La-Croustadine-01E.jpg 1280w, https:\/\/alainlarivierephoto.com\/wp-content\/uploads\/2019\/01\/La-Croustadine-01E-180x118.jpg 180w, https:\/\/alainlarivierephoto.com\/wp-content\/uploads\/2019\/01\/La-Croustadine-01E-300x197.jpg 300w, https:\/\/alainlarivierephoto.com\/wp-content\/uploads\/2019\/01\/La-Croustadine-01E-768x505.jpg 768w\" sizes=\"auto, (max-width: 1280px) 100vw, 1280px\" \/><\/a><p id=\"caption-attachment-13402\" class=\"wp-caption-text\">La Croustadine<\/p><\/div>\n<div id=\"attachment_13403\" style=\"width: 1290px\" class=\"wp-caption aligncenter\"><a href=\"https:\/\/alainlarivierephoto.com\/wp-content\/uploads\/2019\/01\/La-Croustadine-02E.jpg\"><img loading=\"lazy\" decoding=\"async\" aria-describedby=\"caption-attachment-13403\" class=\"size-large wp-image-13403 colorbox-13866\" src=\"https:\/\/alainlarivierephoto.com\/wp-content\/uploads\/2019\/01\/La-Croustadine-02E-1280x844.jpg\" alt=\"La Croustadine -2-\" width=\"1280\" height=\"844\" srcset=\"https:\/\/alainlarivierephoto.com\/wp-content\/uploads\/2019\/01\/La-Croustadine-02E.jpg 1280w, https:\/\/alainlarivierephoto.com\/wp-content\/uploads\/2019\/01\/La-Croustadine-02E-180x119.jpg 180w, https:\/\/alainlarivierephoto.com\/wp-content\/uploads\/2019\/01\/La-Croustadine-02E-300x198.jpg 300w, https:\/\/alainlarivierephoto.com\/wp-content\/uploads\/2019\/01\/La-Croustadine-02E-768x506.jpg 768w\" sizes=\"auto, (max-width: 1280px) 100vw, 1280px\" \/><\/a><p id=\"caption-attachment-13403\" class=\"wp-caption-text\">La Croustadine<\/p><\/div>\n<p>&nbsp;<\/p>\n<p>En parcourant l&rsquo;universit\u00e9 de Limoges : La Croustadine<\/p>\n<p style=\"text-align: justify;\">L\u2019aspect d\u00e9labr\u00e9 et sale des locaux du campus de Vanteaux \u00e0 l\u2019universit\u00e9 de Limoges (Haute-Vienne, France), ainsi que l\u2019architecture des b\u00e2timents de type pays de l\u2019Est, avant la chute du mur de Berlin, m\u2019ont incit\u00e9 \u00e0 r\u00e9aliser quelques photographies du lieu.<\/p>\n","protected":false},"excerpt":{"rendered":"<p>&nbsp; En parcourant l&rsquo;universit\u00e9 de Limoges : La Croustadine L\u2019aspect d\u00e9labr\u00e9 et sale des locaux du campus de Vanteaux \u00e0 l\u2019universit\u00e9 de Limoges (Haute-Vienne, France), ainsi que l\u2019architecture des b\u00e2timents de type pays de l\u2019Est, avant la chute du mur de Berlin, m\u2019ont incit\u00e9 \u00e0 r\u00e9aliser quelques photographies du lieu.<\/p>\n","protected":false},"author":1,"featured_media":0,"comment_status":"open","ping_status":"open","sticky":false,"template":"","format":"standard","meta":{"footnotes":"","_links_to":"","_links_to_target":""},"categories":[687,391,636],"tags":[979,752,771,587],"class_list":["post-13866","post","type-post","status-publish","format-standard","hentry","category-architecture","category-graphisme","category-paysages-urbains","tag-dessin","tag-graphisme","tag-mur","tag-tag"],"_links":{"self":[{"href":"https:\/\/alainlarivierephoto.com\/index.php?rest_route=\/wp\/v2\/posts\/13866","targetHints":{"allow":["GET"]}}],"collection":[{"href":"https:\/\/alainlarivierephoto.com\/index.php?rest_route=\/wp\/v2\/posts"}],"about":[{"href":"https:\/\/alainlarivierephoto.com\/index.php?rest_route=\/wp\/v2\/types\/post"}],"author":[{"embeddable":true,"href":"https:\/\/alainlarivierephoto.com\/index.php?rest_route=\/wp\/v2\/users\/1"}],"replies":[{"embeddable":true,"href":"https:\/\/alainlarivierephoto.com\/index.php?rest_route=%2Fwp%2Fv2%2Fcomments&post=13866"}],"version-history":[{"count":2,"href":"https:\/\/alainlarivierephoto.com\/index.php?rest_route=\/wp\/v2\/posts\/13866\/revisions"}],"predecessor-version":[{"id":13868,"href":"https:\/\/alainlarivierephoto.com\/index.php?rest_route=\/wp\/v2\/posts\/13866\/revisions\/13868"}],"wp:attachment":[{"href":"https:\/\/alainlarivierephoto.com\/index.php?rest_route=%2Fwp%2Fv2%2Fmedia&parent=13866"}],"wp:term":[{"taxonomy":"category","embeddable":true,"href":"https:\/\/alainlarivierephoto.com\/index.php?rest_route=%2Fwp%2Fv2%2Fcategories&post=13866"},{"taxonomy":"post_tag","embeddable":true,"href":"https:\/\/alainlarivierephoto.com\/index.php?rest_route=%2Fwp%2Fv2%2Ftags&post=13866"}],"curies":[{"name":"wp","href":"https:\/\/api.w.org\/{rel}","templated":true}]}}