{"id":13721,"date":"2019-03-14T00:05:08","date_gmt":"2019-03-13T23:05:08","guid":{"rendered":"https:\/\/alainlarivierephoto.com\/?p=13721"},"modified":"2019-03-14T09:47:04","modified_gmt":"2019-03-14T08:47:04","slug":"saint-aredius-1a-1b-1hdra","status":"publish","type":"post","link":"https:\/\/alainlarivierephoto.com\/?p=13721","title":{"rendered":"Saint-Ar\u00e9dius"},"content":{"rendered":"<div id=\"attachment_13474\" style=\"width: 862px\" class=\"wp-caption aligncenter\"><a href=\"https:\/\/alainlarivierephoto.com\/wp-content\/uploads\/2019\/01\/Saint-Ar\u00e9dius-01aE.jpg\"><img loading=\"lazy\" decoding=\"async\" aria-describedby=\"caption-attachment-13474\" class=\"size-large wp-image-13474 colorbox-13721\" src=\"https:\/\/alainlarivierephoto.com\/wp-content\/uploads\/2019\/01\/Saint-Ar\u00e9dius-01aE-852x1280.jpg\" alt=\"Saint-Ar\u00e9dius -1a-\" width=\"852\" height=\"1280\" srcset=\"https:\/\/alainlarivierephoto.com\/wp-content\/uploads\/2019\/01\/Saint-Ar\u00e9dius-01aE.jpg 852w, https:\/\/alainlarivierephoto.com\/wp-content\/uploads\/2019\/01\/Saint-Ar\u00e9dius-01aE-120x180.jpg 120w, https:\/\/alainlarivierephoto.com\/wp-content\/uploads\/2019\/01\/Saint-Ar\u00e9dius-01aE-200x300.jpg 200w, https:\/\/alainlarivierephoto.com\/wp-content\/uploads\/2019\/01\/Saint-Ar\u00e9dius-01aE-768x1154.jpg 768w\" sizes=\"auto, (max-width: 852px) 100vw, 852px\" \/><\/a><p id=\"caption-attachment-13474\" class=\"wp-caption-text\">Saint-Ar\u00e9dius<\/p><\/div>\n<div id=\"attachment_13476\" style=\"width: 860px\" class=\"wp-caption aligncenter\"><a href=\"https:\/\/alainlarivierephoto.com\/wp-content\/uploads\/2019\/01\/Saint-Ar\u00e9dius-01E_HDR-artistique.jpg\"><img loading=\"lazy\" decoding=\"async\" aria-describedby=\"caption-attachment-13476\" class=\"size-large wp-image-13476 colorbox-13721\" src=\"https:\/\/alainlarivierephoto.com\/wp-content\/uploads\/2019\/01\/Saint-Ar\u00e9dius-01E_HDR-artistique-850x1280.jpg\" alt=\"Saint-Ar\u00e9dius -1HDRa-\" width=\"850\" height=\"1280\" srcset=\"https:\/\/alainlarivierephoto.com\/wp-content\/uploads\/2019\/01\/Saint-Ar\u00e9dius-01E_HDR-artistique.jpg 850w, https:\/\/alainlarivierephoto.com\/wp-content\/uploads\/2019\/01\/Saint-Ar\u00e9dius-01E_HDR-artistique-120x180.jpg 120w, https:\/\/alainlarivierephoto.com\/wp-content\/uploads\/2019\/01\/Saint-Ar\u00e9dius-01E_HDR-artistique-199x300.jpg 199w, https:\/\/alainlarivierephoto.com\/wp-content\/uploads\/2019\/01\/Saint-Ar\u00e9dius-01E_HDR-artistique-768x1157.jpg 768w\" sizes=\"auto, (max-width: 850px) 100vw, 850px\" \/><\/a><p id=\"caption-attachment-13476\" class=\"wp-caption-text\">Saint-Ar\u00e9dius<\/p><\/div>\n<p>&nbsp;<\/p>\n<p><strong>Saint-Ar\u00e9dius<\/strong><\/p>\n<p style=\"text-align: justify;\"><strong>Moine selon la r\u00e8gle de saint Jean Cassien, pr\u00e8s de Limoges ; plusieurs localit\u00e9s perp\u00e9tuent sa m\u00e9moire dont Saint-Yriex-la-Perche 87500. Originaire de Limoges, il aurait \u00e9t\u00e9 d&rsquo;abord chancelier du roi Th\u00e9odebert \u00e0 Tr\u00e8ves. Revenu dans son pays natal, il choisit la vie religieuse et fonda, de ses propres deniers, le monast\u00e8re d&rsquo;Atane en Limousin, regroupant d&rsquo;abord des membres de sa famille, sous la R\u00e8gle de saint Basile. Plus tard d&rsquo;autres moines vinrent se joindre \u00e0 eux. Saint Gr\u00e9goire de Tours nous a donn\u00e9 les \u00e9l\u00e9ments principaux de la vie de ce saint dont 6 localit\u00e9s portent le nom dans cette r\u00e9gion. \u00ab\u00a0N\u00e9 \u00e0 Limoges de parents nobles au VIe si\u00e8cle, Yrieix (Aredius) est le mieux connu des premiers saints limousins. Ordonn\u00e9 par Saint Nixier de Tr\u00eaves, il fonda sur son domaine d\u2019Attane un monast\u00e8re dont les filiales furent Vigeois et Excideuil en P\u00e9rigord. B\u00e2tisseur d\u2019\u00e9glises, Yrieix fut surtout un fervent p\u00e8lerin qui visitait les sanctuaires renomm\u00e9s et les personnages religieux de son voisinage, telle Sainte Radegonde de Poitiers. Il avait laiss\u00e9 la gestion de ses biens \u00e0 sa m\u00e8re P\u00e9lagie et il la suivit de quelques ann\u00e9es dans la vie \u00e9ternelle, en 591, apr\u00e8s un dernier p\u00e8lerinage \u00e0 Saint Martin de Tours.\u00a0\u00bb Les premiers monast\u00e8res apparaissent en Limousin vers la fin du Ve si\u00e8cle ou au d\u00e9but du VIe si\u00e8cle. Nous savons peu de choses sur les premi\u00e8res fondations. Le plus important alors et qui permet d\u2019avoir une id\u00e9e sur la vie monastique \u00e0 cette \u00e9poque est celui que fonde Aredius ou Saint Yrieix. Aredius appartient \u00e0 une famille riche, vit au palais du roi d\u2019Austrasie. Il revient en Limousin, se retire comme ermite dans une grotte. Rappel\u00e9 par sa m\u00e8re, il fonde un monast\u00e8re dans sa propre maison qui se trouve sur l\u2019emplacement de la ville de Saint Yrieix. Les premiers moines sont issus du domaine d\u2019Aredius. Une grande place est accord\u00e9e \u00e0 Dieu et aux \u0153uvres de charit\u00e9. D\u00e8s 572, Aredius place son monast\u00e8re d\u2019Attanium sous la protection et le patronage de Saint Martin de Tours. Il est affili\u00e9 \u00e0 celui de Ligug\u00e9. Il se transforme en chapitre au XIe si\u00e8cle. Alors que meurt Saint Yrieix, na\u00eet Saint Eloi qui appartient \u00e0 une famille chr\u00e9tienne depuis longtemps. (Les origines monastiques &#8211; dioc\u00e8se de Limoges)<\/strong><\/p>\n","protected":false},"excerpt":{"rendered":"<p>&nbsp; Saint-Ar\u00e9dius Moine selon la r\u00e8gle de saint Jean Cassien, pr\u00e8s de Limoges ; plusieurs localit\u00e9s perp\u00e9tuent sa m\u00e9moire dont Saint-Yriex-la-Perche 87500. Originaire de Limoges, il aurait \u00e9t\u00e9 d&rsquo;abord chancelier du roi Th\u00e9odebert \u00e0 Tr\u00e8ves. Revenu dans son pays natal, il choisit la vie religieuse et fonda, de ses propres deniers, le monast\u00e8re d&rsquo;Atane en [&hellip;]<\/p>\n","protected":false},"author":1,"featured_media":0,"comment_status":"open","ping_status":"open","sticky":false,"template":"","format":"standard","meta":{"footnotes":"","_links_to":"","_links_to_target":""},"categories":[687,40],"tags":[688,395,396,997],"class_list":["post-13721","post","type-post","status-publish","format-standard","hentry","category-architecture","category-personnages","tag-moine","tag-saint-aredius","tag-saint-yrieix","tag-statue"],"_links":{"self":[{"href":"https:\/\/alainlarivierephoto.com\/index.php?rest_route=\/wp\/v2\/posts\/13721","targetHints":{"allow":["GET"]}}],"collection":[{"href":"https:\/\/alainlarivierephoto.com\/index.php?rest_route=\/wp\/v2\/posts"}],"about":[{"href":"https:\/\/alainlarivierephoto.com\/index.php?rest_route=\/wp\/v2\/types\/post"}],"author":[{"embeddable":true,"href":"https:\/\/alainlarivierephoto.com\/index.php?rest_route=\/wp\/v2\/users\/1"}],"replies":[{"embeddable":true,"href":"https:\/\/alainlarivierephoto.com\/index.php?rest_route=%2Fwp%2Fv2%2Fcomments&post=13721"}],"version-history":[{"count":5,"href":"https:\/\/alainlarivierephoto.com\/index.php?rest_route=\/wp\/v2\/posts\/13721\/revisions"}],"predecessor-version":[{"id":13761,"href":"https:\/\/alainlarivierephoto.com\/index.php?rest_route=\/wp\/v2\/posts\/13721\/revisions\/13761"}],"wp:attachment":[{"href":"https:\/\/alainlarivierephoto.com\/index.php?rest_route=%2Fwp%2Fv2%2Fmedia&parent=13721"}],"wp:term":[{"taxonomy":"category","embeddable":true,"href":"https:\/\/alainlarivierephoto.com\/index.php?rest_route=%2Fwp%2Fv2%2Fcategories&post=13721"},{"taxonomy":"post_tag","embeddable":true,"href":"https:\/\/alainlarivierephoto.com\/index.php?rest_route=%2Fwp%2Fv2%2Ftags&post=13721"}],"curies":[{"name":"wp","href":"https:\/\/api.w.org\/{rel}","templated":true}]}}