{"id":13671,"date":"2019-03-01T00:05:33","date_gmt":"2019-02-28T23:05:33","guid":{"rendered":"https:\/\/alainlarivierephoto.com\/?p=13671"},"modified":"2019-02-23T21:54:04","modified_gmt":"2019-02-23T20:54:04","slug":"ecrire-sur-le-mur-6-6r","status":"publish","type":"post","link":"https:\/\/alainlarivierephoto.com\/?p=13671","title":{"rendered":"Ecrire sur le mur"},"content":{"rendered":"<div id=\"attachment_13394\" style=\"width: 1290px\" class=\"wp-caption aligncenter\"><a href=\"https:\/\/alainlarivierephoto.com\/wp-content\/uploads\/2019\/01\/Ecrire-sur-le-mur-06E.jpg\"><img loading=\"lazy\" decoding=\"async\" aria-describedby=\"caption-attachment-13394\" class=\"size-large wp-image-13394 colorbox-13671\" src=\"https:\/\/alainlarivierephoto.com\/wp-content\/uploads\/2019\/01\/Ecrire-sur-le-mur-06E-1280x852.jpg\" alt=\"Ecrire sur le mur -6-\" width=\"1280\" height=\"852\" srcset=\"https:\/\/alainlarivierephoto.com\/wp-content\/uploads\/2019\/01\/Ecrire-sur-le-mur-06E.jpg 1280w, https:\/\/alainlarivierephoto.com\/wp-content\/uploads\/2019\/01\/Ecrire-sur-le-mur-06E-180x120.jpg 180w, https:\/\/alainlarivierephoto.com\/wp-content\/uploads\/2019\/01\/Ecrire-sur-le-mur-06E-300x200.jpg 300w, https:\/\/alainlarivierephoto.com\/wp-content\/uploads\/2019\/01\/Ecrire-sur-le-mur-06E-768x511.jpg 768w\" sizes=\"auto, (max-width: 1280px) 100vw, 1280px\" \/><\/a><p id=\"caption-attachment-13394\" class=\"wp-caption-text\">Ecrire sur le mur<\/p><\/div>\n<div id=\"attachment_13395\" style=\"width: 1290px\" class=\"wp-caption aligncenter\"><a href=\"https:\/\/alainlarivierephoto.com\/wp-content\/uploads\/2019\/01\/Ecrire-sur-le-mur-06ER.jpg\"><img loading=\"lazy\" decoding=\"async\" aria-describedby=\"caption-attachment-13395\" class=\"size-large wp-image-13395 colorbox-13671\" src=\"https:\/\/alainlarivierephoto.com\/wp-content\/uploads\/2019\/01\/Ecrire-sur-le-mur-06ER-1280x487.jpg\" alt=\"Ecrire sur le mur -6R-\" width=\"1280\" height=\"487\" srcset=\"https:\/\/alainlarivierephoto.com\/wp-content\/uploads\/2019\/01\/Ecrire-sur-le-mur-06ER.jpg 1280w, https:\/\/alainlarivierephoto.com\/wp-content\/uploads\/2019\/01\/Ecrire-sur-le-mur-06ER-180x68.jpg 180w, https:\/\/alainlarivierephoto.com\/wp-content\/uploads\/2019\/01\/Ecrire-sur-le-mur-06ER-300x114.jpg 300w, https:\/\/alainlarivierephoto.com\/wp-content\/uploads\/2019\/01\/Ecrire-sur-le-mur-06ER-768x292.jpg 768w\" sizes=\"auto, (max-width: 1280px) 100vw, 1280px\" \/><\/a><p id=\"caption-attachment-13395\" class=\"wp-caption-text\">Ecrire sur le mur<\/p><\/div>\n<p>&nbsp;<\/p>\n<p style=\"text-align: justify;\">En parcourant l&rsquo;universit\u00e9 de Limoges : Ecrire sur le mur -6R-<\/p>\n<p style=\"text-align: justify;\">L\u2019aspect d\u00e9labr\u00e9 et sale des locaux du campus de Vanteaux \u00e0 l\u2019universit\u00e9 de Limoges (Haute-Vienne, France), ainsi que l\u2019architecture des b\u00e2timents de type pays de l\u2019Est, avant la chute du mur de Berlin, m\u2019ont incit\u00e9 \u00e0 r\u00e9aliser quelques photographies du lieu.<\/p>\n","protected":false},"excerpt":{"rendered":"<p>&nbsp; En parcourant l&rsquo;universit\u00e9 de Limoges : Ecrire sur le mur -6R- L\u2019aspect d\u00e9labr\u00e9 et sale des locaux du campus de Vanteaux \u00e0 l\u2019universit\u00e9 de Limoges (Haute-Vienne, France), ainsi que l\u2019architecture des b\u00e2timents de type pays de l\u2019Est, avant la chute du mur de Berlin, m\u2019ont incit\u00e9 \u00e0 r\u00e9aliser quelques photographies du lieu.<\/p>\n","protected":false},"author":1,"featured_media":0,"comment_status":"open","ping_status":"open","sticky":false,"template":"","format":"standard","meta":{"footnotes":"","_links_to":"","_links_to_target":""},"categories":[687,391,115,636],"tags":[979,752,771,587],"class_list":["post-13671","post","type-post","status-publish","format-standard","hentry","category-architecture","category-graphisme","category-humour","category-paysages-urbains","tag-dessin","tag-graphisme","tag-mur","tag-tag"],"_links":{"self":[{"href":"https:\/\/alainlarivierephoto.com\/index.php?rest_route=\/wp\/v2\/posts\/13671","targetHints":{"allow":["GET"]}}],"collection":[{"href":"https:\/\/alainlarivierephoto.com\/index.php?rest_route=\/wp\/v2\/posts"}],"about":[{"href":"https:\/\/alainlarivierephoto.com\/index.php?rest_route=\/wp\/v2\/types\/post"}],"author":[{"embeddable":true,"href":"https:\/\/alainlarivierephoto.com\/index.php?rest_route=\/wp\/v2\/users\/1"}],"replies":[{"embeddable":true,"href":"https:\/\/alainlarivierephoto.com\/index.php?rest_route=%2Fwp%2Fv2%2Fcomments&post=13671"}],"version-history":[{"count":2,"href":"https:\/\/alainlarivierephoto.com\/index.php?rest_route=\/wp\/v2\/posts\/13671\/revisions"}],"predecessor-version":[{"id":13673,"href":"https:\/\/alainlarivierephoto.com\/index.php?rest_route=\/wp\/v2\/posts\/13671\/revisions\/13673"}],"wp:attachment":[{"href":"https:\/\/alainlarivierephoto.com\/index.php?rest_route=%2Fwp%2Fv2%2Fmedia&parent=13671"}],"wp:term":[{"taxonomy":"category","embeddable":true,"href":"https:\/\/alainlarivierephoto.com\/index.php?rest_route=%2Fwp%2Fv2%2Fcategories&post=13671"},{"taxonomy":"post_tag","embeddable":true,"href":"https:\/\/alainlarivierephoto.com\/index.php?rest_route=%2Fwp%2Fv2%2Ftags&post=13671"}],"curies":[{"name":"wp","href":"https:\/\/api.w.org\/{rel}","templated":true}]}}