{"id":13554,"date":"2019-01-29T00:05:57","date_gmt":"2019-01-28T23:05:57","guid":{"rendered":"https:\/\/alainlarivierephoto.com\/?p=13554"},"modified":"2019-01-27T18:34:21","modified_gmt":"2019-01-27T17:34:21","slug":"aubrieta-hybride-laubriete-8-9-10-11","status":"publish","type":"post","link":"https:\/\/alainlarivierephoto.com\/?p=13554","title":{"rendered":"Aubrieta hybride, l\u2019Aubri\u00e8te"},"content":{"rendered":"<div id=\"attachment_13325\" style=\"width: 1290px\" class=\"wp-caption aligncenter\"><a href=\"https:\/\/alainlarivierephoto.com\/wp-content\/uploads\/2019\/01\/Aubrieta-hybride-08E.jpg\"><img loading=\"lazy\" decoding=\"async\" aria-describedby=\"caption-attachment-13325\" class=\"size-large wp-image-13325 colorbox-13554\" src=\"https:\/\/alainlarivierephoto.com\/wp-content\/uploads\/2019\/01\/Aubrieta-hybride-08E-1280x851.jpg\" alt=\"Aubrieta hybride, l'Aubri\u00e8te -8-\" width=\"1280\" height=\"851\" srcset=\"https:\/\/alainlarivierephoto.com\/wp-content\/uploads\/2019\/01\/Aubrieta-hybride-08E.jpg 1280w, https:\/\/alainlarivierephoto.com\/wp-content\/uploads\/2019\/01\/Aubrieta-hybride-08E-180x120.jpg 180w, https:\/\/alainlarivierephoto.com\/wp-content\/uploads\/2019\/01\/Aubrieta-hybride-08E-300x199.jpg 300w, https:\/\/alainlarivierephoto.com\/wp-content\/uploads\/2019\/01\/Aubrieta-hybride-08E-768x511.jpg 768w\" sizes=\"auto, (max-width: 1280px) 100vw, 1280px\" \/><\/a><p id=\"caption-attachment-13325\" class=\"wp-caption-text\">Aubrieta hybride, l&rsquo;Aubri\u00e8te<\/p><\/div>\n<div id=\"attachment_13326\" style=\"width: 1290px\" class=\"wp-caption aligncenter\"><a href=\"https:\/\/alainlarivierephoto.com\/wp-content\/uploads\/2019\/01\/Aubrieta-hybride-09E.jpg\"><img loading=\"lazy\" decoding=\"async\" aria-describedby=\"caption-attachment-13326\" class=\"size-large wp-image-13326 colorbox-13554\" src=\"https:\/\/alainlarivierephoto.com\/wp-content\/uploads\/2019\/01\/Aubrieta-hybride-09E-1280x851.jpg\" alt=\"Aubrieta hybride, l'Aubri\u00e8te -9-\" width=\"1280\" height=\"851\" srcset=\"https:\/\/alainlarivierephoto.com\/wp-content\/uploads\/2019\/01\/Aubrieta-hybride-09E.jpg 1280w, https:\/\/alainlarivierephoto.com\/wp-content\/uploads\/2019\/01\/Aubrieta-hybride-09E-180x120.jpg 180w, https:\/\/alainlarivierephoto.com\/wp-content\/uploads\/2019\/01\/Aubrieta-hybride-09E-300x199.jpg 300w, https:\/\/alainlarivierephoto.com\/wp-content\/uploads\/2019\/01\/Aubrieta-hybride-09E-768x511.jpg 768w\" sizes=\"auto, (max-width: 1280px) 100vw, 1280px\" \/><\/a><p id=\"caption-attachment-13326\" class=\"wp-caption-text\">Aubrieta hybride, l&rsquo;Aubri\u00e8te<\/p><\/div>\n<div id=\"attachment_13327\" style=\"width: 1290px\" class=\"wp-caption aligncenter\"><a href=\"https:\/\/alainlarivierephoto.com\/wp-content\/uploads\/2019\/01\/Aubrieta-hybride-10E.jpg\"><img loading=\"lazy\" decoding=\"async\" aria-describedby=\"caption-attachment-13327\" class=\"size-large wp-image-13327 colorbox-13554\" src=\"https:\/\/alainlarivierephoto.com\/wp-content\/uploads\/2019\/01\/Aubrieta-hybride-10E-1280x851.jpg\" alt=\"Aubrieta hybride, l'Aubri\u00e8te -10-\" width=\"1280\" height=\"851\" srcset=\"https:\/\/alainlarivierephoto.com\/wp-content\/uploads\/2019\/01\/Aubrieta-hybride-10E.jpg 1280w, https:\/\/alainlarivierephoto.com\/wp-content\/uploads\/2019\/01\/Aubrieta-hybride-10E-180x120.jpg 180w, https:\/\/alainlarivierephoto.com\/wp-content\/uploads\/2019\/01\/Aubrieta-hybride-10E-300x199.jpg 300w, https:\/\/alainlarivierephoto.com\/wp-content\/uploads\/2019\/01\/Aubrieta-hybride-10E-768x511.jpg 768w\" sizes=\"auto, (max-width: 1280px) 100vw, 1280px\" \/><\/a><p id=\"caption-attachment-13327\" class=\"wp-caption-text\">Aubrieta hybride, l&rsquo;Aubri\u00e8te<\/p><\/div>\n<div id=\"attachment_13328\" style=\"width: 1290px\" class=\"wp-caption aligncenter\"><a href=\"https:\/\/alainlarivierephoto.com\/wp-content\/uploads\/2019\/01\/Aubrieta-hybride-11E.jpg\"><img loading=\"lazy\" decoding=\"async\" aria-describedby=\"caption-attachment-13328\" class=\"size-large wp-image-13328 colorbox-13554\" src=\"https:\/\/alainlarivierephoto.com\/wp-content\/uploads\/2019\/01\/Aubrieta-hybride-11E-1280x851.jpg\" alt=\"Aubrieta hybride, l'Aubri\u00e8te -11-\" width=\"1280\" height=\"851\" srcset=\"https:\/\/alainlarivierephoto.com\/wp-content\/uploads\/2019\/01\/Aubrieta-hybride-11E.jpg 1280w, https:\/\/alainlarivierephoto.com\/wp-content\/uploads\/2019\/01\/Aubrieta-hybride-11E-180x120.jpg 180w, https:\/\/alainlarivierephoto.com\/wp-content\/uploads\/2019\/01\/Aubrieta-hybride-11E-300x199.jpg 300w, https:\/\/alainlarivierephoto.com\/wp-content\/uploads\/2019\/01\/Aubrieta-hybride-11E-768x511.jpg 768w\" sizes=\"auto, (max-width: 1280px) 100vw, 1280px\" \/><\/a><p id=\"caption-attachment-13328\" class=\"wp-caption-text\">Aubrieta hybride, l&rsquo;Aubri\u00e8te<\/p><\/div>\n<p>&nbsp;<\/p>\n<p>R\u00e8gne\u00a0: Plantae<br \/>\nSous-r\u00e8gne\u00a0: Tracheobionta.<br \/>\nDivision\u00a0: Magnoliophyta.<br \/>\nClasse\u00a0: Magnoliopsida.<br \/>\nSous-classe\u00a0: Dilleniidae.<br \/>\nOrdre\u00a0: Capparales = Brassicales.<br \/>\nFamille\u00a0: Brassicaceae.<br \/>\nTribu\u00a0: Arabideae<br \/>\nGenre\u00a0: <em>Aubrieta<\/em>.<\/p>\n<p>Nom scientifique : <em>Aubrieta<\/em> Adanson, 1763.<br \/>\nNom commun : Aubri\u00e8te.<\/p>\n<p style=\"text-align: justify;\">L&rsquo;Aubri\u00e8te (<em>Aubrieta<\/em>) est une plante vivace de la famille des Brassicac\u00e9es (Brassicaceae). Elle est originaire d&rsquo;Italie, Gr\u00e8ce et Asie mineure. Elle est cultiv\u00e9e dans les jardins fran\u00e7ais depuis 1823. La floraison tr\u00e8s abondante d\u00e8s les premiers jours du printemps se poursuit durant plusieurs semaines o\u00f9 l&rsquo;Aubri\u00e8te se couvre enti\u00e8rement d&rsquo;une multitude de petites fleurs. Les coloris se d\u00e9clinent dans des nuances subtiles qui vont du rose au violet pourpre en passant par diverses nuances de bleu et de mauve. Il existe aussi des vari\u00e9t\u00e9s \u00e0 feuillage panach\u00e9. Le genre comprend une quinzaine d&rsquo;esp\u00e8ces. Il existe de nombreux hybrides aux couleurs vari\u00e9es et certains aux feuilles panach\u00e9es.<\/p>\n","protected":false},"excerpt":{"rendered":"<p>&nbsp; R\u00e8gne\u00a0: Plantae Sous-r\u00e8gne\u00a0: Tracheobionta. Division\u00a0: Magnoliophyta. Classe\u00a0: Magnoliopsida. Sous-classe\u00a0: Dilleniidae. Ordre\u00a0: Capparales = Brassicales. Famille\u00a0: Brassicaceae. Tribu\u00a0: Arabideae Genre\u00a0: Aubrieta. Nom scientifique : Aubrieta Adanson, 1763. Nom commun : Aubri\u00e8te. L&rsquo;Aubri\u00e8te (Aubrieta) est une plante vivace de la famille des Brassicac\u00e9es (Brassicaceae). Elle est originaire d&rsquo;Italie, Gr\u00e8ce et Asie mineure. Elle est cultiv\u00e9e dans [&hellip;]<\/p>\n","protected":false},"author":1,"featured_media":0,"comment_status":"open","ping_status":"open","sticky":false,"template":"","format":"standard","meta":{"footnotes":"","_links_to":"","_links_to_target":""},"categories":[15,14,18],"tags":[375,376,786,785,738,906,512],"class_list":["post-13554","post","type-post","status-publish","format-standard","hentry","category-au-coeur-des-fleurs","category-flore","category-textures-vegetales","tag-aubrieta","tag-aubriete","tag-brassicaceae","tag-brassicacee","tag-fleur","tag-plantae","tag-plante"],"_links":{"self":[{"href":"https:\/\/alainlarivierephoto.com\/index.php?rest_route=\/wp\/v2\/posts\/13554","targetHints":{"allow":["GET"]}}],"collection":[{"href":"https:\/\/alainlarivierephoto.com\/index.php?rest_route=\/wp\/v2\/posts"}],"about":[{"href":"https:\/\/alainlarivierephoto.com\/index.php?rest_route=\/wp\/v2\/types\/post"}],"author":[{"embeddable":true,"href":"https:\/\/alainlarivierephoto.com\/index.php?rest_route=\/wp\/v2\/users\/1"}],"replies":[{"embeddable":true,"href":"https:\/\/alainlarivierephoto.com\/index.php?rest_route=%2Fwp%2Fv2%2Fcomments&post=13554"}],"version-history":[{"count":4,"href":"https:\/\/alainlarivierephoto.com\/index.php?rest_route=\/wp\/v2\/posts\/13554\/revisions"}],"predecessor-version":[{"id":13558,"href":"https:\/\/alainlarivierephoto.com\/index.php?rest_route=\/wp\/v2\/posts\/13554\/revisions\/13558"}],"wp:attachment":[{"href":"https:\/\/alainlarivierephoto.com\/index.php?rest_route=%2Fwp%2Fv2%2Fmedia&parent=13554"}],"wp:term":[{"taxonomy":"category","embeddable":true,"href":"https:\/\/alainlarivierephoto.com\/index.php?rest_route=%2Fwp%2Fv2%2Fcategories&post=13554"},{"taxonomy":"post_tag","embeddable":true,"href":"https:\/\/alainlarivierephoto.com\/index.php?rest_route=%2Fwp%2Fv2%2Ftags&post=13554"}],"curies":[{"name":"wp","href":"https:\/\/api.w.org\/{rel}","templated":true}]}}