{"id":13224,"date":"2018-12-25T00:05:35","date_gmt":"2018-12-24T23:05:35","guid":{"rendered":"https:\/\/alainlarivierephoto.com\/?p=13224"},"modified":"2018-12-23T15:51:18","modified_gmt":"2018-12-23T14:51:18","slug":"les-grands-thermes-de-chatel-guyon-en-2011-etage-12nb-12c","status":"publish","type":"post","link":"https:\/\/alainlarivierephoto.com\/?p=13224","title":{"rendered":"Les Grands Thermes de Ch\u00e2tel-Guyon en 2011 : Etage"},"content":{"rendered":"<div id=\"attachment_12893\" style=\"width: 1290px\" class=\"wp-caption aligncenter\"><a href=\"https:\/\/alainlarivierephoto.com\/wp-content\/uploads\/2018\/10\/Les-Grands-Thermes-12E_NB.jpg\"><img loading=\"lazy\" decoding=\"async\" aria-describedby=\"caption-attachment-12893\" class=\"size-large wp-image-12893 colorbox-13224\" src=\"https:\/\/alainlarivierephoto.com\/wp-content\/uploads\/2018\/10\/Les-Grands-Thermes-12E_NB-1280x850.jpg\" alt=\"Les Grands Thermes de Ch\u00e2tel-Guyon en 2011 : Etage -12N&amp;B-\" width=\"1280\" height=\"850\" srcset=\"https:\/\/alainlarivierephoto.com\/wp-content\/uploads\/2018\/10\/Les-Grands-Thermes-12E_NB.jpg 1280w, https:\/\/alainlarivierephoto.com\/wp-content\/uploads\/2018\/10\/Les-Grands-Thermes-12E_NB-180x120.jpg 180w, https:\/\/alainlarivierephoto.com\/wp-content\/uploads\/2018\/10\/Les-Grands-Thermes-12E_NB-300x199.jpg 300w, https:\/\/alainlarivierephoto.com\/wp-content\/uploads\/2018\/10\/Les-Grands-Thermes-12E_NB-768x510.jpg 768w\" sizes=\"auto, (max-width: 1280px) 100vw, 1280px\" \/><\/a><p id=\"caption-attachment-12893\" class=\"wp-caption-text\">Les Grands Thermes de Ch\u00e2tel-Guyon en 2011 : Etage<\/p><\/div>\n<div id=\"attachment_12894\" style=\"width: 1290px\" class=\"wp-caption aligncenter\"><a href=\"https:\/\/alainlarivierephoto.com\/wp-content\/uploads\/2018\/10\/Les-Grands-Thermes-12E.jpg\"><img loading=\"lazy\" decoding=\"async\" aria-describedby=\"caption-attachment-12894\" class=\"size-large wp-image-12894 colorbox-13224\" src=\"https:\/\/alainlarivierephoto.com\/wp-content\/uploads\/2018\/10\/Les-Grands-Thermes-12E-1280x850.jpg\" alt=\"Les Grands Thermes de Ch\u00e2tel-Guyon en 2011 : Etage -12C-\" width=\"1280\" height=\"850\" srcset=\"https:\/\/alainlarivierephoto.com\/wp-content\/uploads\/2018\/10\/Les-Grands-Thermes-12E.jpg 1280w, https:\/\/alainlarivierephoto.com\/wp-content\/uploads\/2018\/10\/Les-Grands-Thermes-12E-180x120.jpg 180w, https:\/\/alainlarivierephoto.com\/wp-content\/uploads\/2018\/10\/Les-Grands-Thermes-12E-300x199.jpg 300w, https:\/\/alainlarivierephoto.com\/wp-content\/uploads\/2018\/10\/Les-Grands-Thermes-12E-768x510.jpg 768w\" sizes=\"auto, (max-width: 1280px) 100vw, 1280px\" \/><\/a><p id=\"caption-attachment-12894\" class=\"wp-caption-text\">Les Grands Thermes de Ch\u00e2tel-Guyon en 2011 : Etage<\/p><\/div>\n<p>&nbsp;<\/p>\n<p style=\"text-align: justify;\"><strong>Les Grands Thermes de Ch\u00e2tel-Guyon, Puy-de-D\u00f4me, France.<\/strong><\/p>\n<p style=\"text-align: justify;\"><strong>R\u00e9alisation de l\u2019architecte B. Chaussemiche \u2013 Grand Prix de Rome, les Grands Thermes de Ch\u00e2tel-Guyon furent inaugur\u00e9s en 1908. Apr\u00e8s 96 ans de service ils ferment d\u00e9finitivement en 2004.<\/strong><\/p>\n<p style=\"text-align: justify;\"><strong>Aujourd\u2019hui les Grands Thermes sont ouverts au public les dimanches apr\u00e8s-midi. Seuls le hall d\u2019entr\u00e9e et l\u2019aile gauche du 1er \u00e9tage sont visibles. Le rez-de-chauss\u00e9e et les autres parties de l\u2019\u00e9tage sont interdits aux visiteurs.<\/strong><\/p>\n<p style=\"text-align: justify;\"><strong>Si le 1er \u00e9tage semble encore \u00e9pargn\u00e9 par le temps, comme les photographies le montrent, il n\u2019en va pas de m\u00eame pour le rez-de-chauss\u00e9e qui, lui, souffre des infiltrations des sources thermales dont l\u2019eau suinte et ruisselle \u00e0 travers les mosa\u00efques ; mais \u00e9galement des d\u00e9gradations dues aux squatters qui se sont introduits dans les locaux. Si rien n\u2019est fait dans un avenir proche pour r\u00e9habiliter le b\u00e2timent, les d\u00e9g\u00e2ts seront irr\u00e9versibles sur la d\u00e9coration datant du d\u00e9but du XX\u00e8me si\u00e8cle.<\/strong><\/p>\n<p style=\"text-align: justify;\"><strong>Pendant la prise de vues, alors que je parcourais seul les thermes, dans le silence des lieux, une sensation bizarre me venait \u00e0 l\u2019esprit : j\u2019imaginais ces milliers de curistes qui, pendant presque un si\u00e8cle, avaient d\u00e9ambul\u00e9 en peignoir blanc, comme \u00e0 l\u2019\u00e9poque des Romains\u2026Je m\u2019attendais \u00e0 en voir appara\u00eetre au d\u00e9tour d\u2019un couloir ou sortant d\u2019une salle de bain.<\/strong><\/p>\n","protected":false},"excerpt":{"rendered":"<p>&nbsp; Les Grands Thermes de Ch\u00e2tel-Guyon, Puy-de-D\u00f4me, France. R\u00e9alisation de l\u2019architecte B. Chaussemiche \u2013 Grand Prix de Rome, les Grands Thermes de Ch\u00e2tel-Guyon furent inaugur\u00e9s en 1908. Apr\u00e8s 96 ans de service ils ferment d\u00e9finitivement en 2004. Aujourd\u2019hui les Grands Thermes sont ouverts au public les dimanches apr\u00e8s-midi. Seuls le hall d\u2019entr\u00e9e et l\u2019aile gauche [&hellip;]<\/p>\n","protected":false},"author":1,"featured_media":0,"comment_status":"open","ping_status":"open","sticky":false,"template":"","format":"standard","meta":{"footnotes":"","_links_to":"","_links_to_target":""},"categories":[687,391,17,271],"tags":[591,752,792],"class_list":["post-13224","post","type-post","status-publish","format-standard","hentry","category-architecture","category-graphisme","category-insolite","category-reportages","tag-chatel-guyon","tag-graphisme","tag-thermes"],"_links":{"self":[{"href":"https:\/\/alainlarivierephoto.com\/index.php?rest_route=\/wp\/v2\/posts\/13224","targetHints":{"allow":["GET"]}}],"collection":[{"href":"https:\/\/alainlarivierephoto.com\/index.php?rest_route=\/wp\/v2\/posts"}],"about":[{"href":"https:\/\/alainlarivierephoto.com\/index.php?rest_route=\/wp\/v2\/types\/post"}],"author":[{"embeddable":true,"href":"https:\/\/alainlarivierephoto.com\/index.php?rest_route=\/wp\/v2\/users\/1"}],"replies":[{"embeddable":true,"href":"https:\/\/alainlarivierephoto.com\/index.php?rest_route=%2Fwp%2Fv2%2Fcomments&post=13224"}],"version-history":[{"count":2,"href":"https:\/\/alainlarivierephoto.com\/index.php?rest_route=\/wp\/v2\/posts\/13224\/revisions"}],"predecessor-version":[{"id":13227,"href":"https:\/\/alainlarivierephoto.com\/index.php?rest_route=\/wp\/v2\/posts\/13224\/revisions\/13227"}],"wp:attachment":[{"href":"https:\/\/alainlarivierephoto.com\/index.php?rest_route=%2Fwp%2Fv2%2Fmedia&parent=13224"}],"wp:term":[{"taxonomy":"category","embeddable":true,"href":"https:\/\/alainlarivierephoto.com\/index.php?rest_route=%2Fwp%2Fv2%2Fcategories&post=13224"},{"taxonomy":"post_tag","embeddable":true,"href":"https:\/\/alainlarivierephoto.com\/index.php?rest_route=%2Fwp%2Fv2%2Ftags&post=13224"}],"curies":[{"name":"wp","href":"https:\/\/api.w.org\/{rel}","templated":true}]}}