{"id":13024,"date":"2018-11-01T00:05:06","date_gmt":"2018-10-31T23:05:06","guid":{"rendered":"https:\/\/alainlarivierephoto.com\/?p=13024"},"modified":"2018-10-23T23:06:26","modified_gmt":"2018-10-23T21:06:26","slug":"alignement-de-sculptures-1","status":"publish","type":"post","link":"https:\/\/alainlarivierephoto.com\/?p=13024","title":{"rendered":"Alignement de sculptures"},"content":{"rendered":"<div id=\"attachment_12849\" style=\"width: 1290px\" class=\"wp-caption aligncenter\"><a href=\"https:\/\/alainlarivierephoto.com\/wp-content\/uploads\/2018\/10\/Alignement-de-sculptures-01E_DxO_raw.jpg\"><img loading=\"lazy\" decoding=\"async\" aria-describedby=\"caption-attachment-12849\" class=\"size-large wp-image-12849 colorbox-13024\" src=\"https:\/\/alainlarivierephoto.com\/wp-content\/uploads\/2018\/10\/Alignement-de-sculptures-01E_DxO_raw-1280x852.jpg\" alt=\"Alignement de sculptures -1-\" width=\"1280\" height=\"852\" srcset=\"https:\/\/alainlarivierephoto.com\/wp-content\/uploads\/2018\/10\/Alignement-de-sculptures-01E_DxO_raw.jpg 1280w, https:\/\/alainlarivierephoto.com\/wp-content\/uploads\/2018\/10\/Alignement-de-sculptures-01E_DxO_raw-180x120.jpg 180w, https:\/\/alainlarivierephoto.com\/wp-content\/uploads\/2018\/10\/Alignement-de-sculptures-01E_DxO_raw-300x200.jpg 300w, https:\/\/alainlarivierephoto.com\/wp-content\/uploads\/2018\/10\/Alignement-de-sculptures-01E_DxO_raw-768x511.jpg 768w\" sizes=\"auto, (max-width: 1280px) 100vw, 1280px\" \/><\/a><p id=\"caption-attachment-12849\" class=\"wp-caption-text\">Alignement de sculptures<\/p><\/div>\n<p>&nbsp;<\/p>\n<p>Alignement de sculptures taill\u00e9es dans la pierre de Volvic (and\u00e9site). \u0152uvres d\u2019un sculpteur r\u00e9gional.<\/p>\n","protected":false},"excerpt":{"rendered":"<p>&nbsp; Alignement de sculptures taill\u00e9es dans la pierre de Volvic (and\u00e9site). \u0152uvres d\u2019un sculpteur r\u00e9gional.<\/p>\n","protected":false},"author":1,"featured_media":0,"comment_status":"open","ping_status":"open","sticky":false,"template":"","format":"standard","meta":{"footnotes":"","_links_to":"","_links_to_target":""},"categories":[17,80],"tags":[320],"class_list":["post-13024","post","type-post","status-publish","format-standard","hentry","category-insolite","category-paysages-et-biotopes","tag-sculpture"],"_links":{"self":[{"href":"https:\/\/alainlarivierephoto.com\/index.php?rest_route=\/wp\/v2\/posts\/13024","targetHints":{"allow":["GET"]}}],"collection":[{"href":"https:\/\/alainlarivierephoto.com\/index.php?rest_route=\/wp\/v2\/posts"}],"about":[{"href":"https:\/\/alainlarivierephoto.com\/index.php?rest_route=\/wp\/v2\/types\/post"}],"author":[{"embeddable":true,"href":"https:\/\/alainlarivierephoto.com\/index.php?rest_route=\/wp\/v2\/users\/1"}],"replies":[{"embeddable":true,"href":"https:\/\/alainlarivierephoto.com\/index.php?rest_route=%2Fwp%2Fv2%2Fcomments&post=13024"}],"version-history":[{"count":1,"href":"https:\/\/alainlarivierephoto.com\/index.php?rest_route=\/wp\/v2\/posts\/13024\/revisions"}],"predecessor-version":[{"id":13025,"href":"https:\/\/alainlarivierephoto.com\/index.php?rest_route=\/wp\/v2\/posts\/13024\/revisions\/13025"}],"wp:attachment":[{"href":"https:\/\/alainlarivierephoto.com\/index.php?rest_route=%2Fwp%2Fv2%2Fmedia&parent=13024"}],"wp:term":[{"taxonomy":"category","embeddable":true,"href":"https:\/\/alainlarivierephoto.com\/index.php?rest_route=%2Fwp%2Fv2%2Fcategories&post=13024"},{"taxonomy":"post_tag","embeddable":true,"href":"https:\/\/alainlarivierephoto.com\/index.php?rest_route=%2Fwp%2Fv2%2Ftags&post=13024"}],"curies":[{"name":"wp","href":"https:\/\/api.w.org\/{rel}","templated":true}]}}