{"id":12995,"date":"2018-10-26T00:05:41","date_gmt":"2018-10-25T22:05:41","guid":{"rendered":"https:\/\/alainlarivierephoto.com\/?p=12995"},"modified":"2018-10-23T22:02:30","modified_gmt":"2018-10-23T20:02:30","slug":"feu-dartifice-a-orleans-18-06-2011-7-8","status":"publish","type":"post","link":"https:\/\/alainlarivierephoto.com\/?p=12995","title":{"rendered":"Feu d&rsquo;artifice \u00e0 Orl\u00e9ans, 18-06-2011"},"content":{"rendered":"<div id=\"attachment_12606\" style=\"width: 862px\" class=\"wp-caption aligncenter\"><a href=\"https:\/\/alainlarivierephoto.com\/wp-content\/uploads\/2018\/05\/Feu-dartifice-06Esat.jpg\"><img loading=\"lazy\" decoding=\"async\" aria-describedby=\"caption-attachment-12606\" class=\"size-large wp-image-12606 colorbox-12995\" src=\"https:\/\/alainlarivierephoto.com\/wp-content\/uploads\/2018\/05\/Feu-dartifice-06Esat-852x1280.jpg\" alt=\"Feu d'artifice \u00e0 Orl\u00e9ans, 18-06-2011 -7-\" width=\"852\" height=\"1280\" srcset=\"https:\/\/alainlarivierephoto.com\/wp-content\/uploads\/2018\/05\/Feu-dartifice-06Esat.jpg 852w, https:\/\/alainlarivierephoto.com\/wp-content\/uploads\/2018\/05\/Feu-dartifice-06Esat-120x180.jpg 120w, https:\/\/alainlarivierephoto.com\/wp-content\/uploads\/2018\/05\/Feu-dartifice-06Esat-200x300.jpg 200w, https:\/\/alainlarivierephoto.com\/wp-content\/uploads\/2018\/05\/Feu-dartifice-06Esat-768x1154.jpg 768w\" sizes=\"auto, (max-width: 852px) 100vw, 852px\" \/><\/a><p id=\"caption-attachment-12606\" class=\"wp-caption-text\">Feu d&rsquo;artifice \u00e0 Orl\u00e9ans, 18-06-2011<\/p><\/div>\n<p><a href=\"https:\/\/alainlarivierephoto.com\/wp-content\/uploads\/2018\/05\/Feu-dartifice-07E.jpg\"><img loading=\"lazy\" decoding=\"async\" class=\"size-large wp-image-12607 colorbox-12995\" src=\"https:\/\/alainlarivierephoto.com\/wp-content\/uploads\/2018\/05\/Feu-dartifice-07E-1280x852.jpg\" alt=\"Feu d'artifice \u00e0 Orl\u00e9ans, 18-06-2011 -8-\" width=\"1280\" height=\"852\" srcset=\"https:\/\/alainlarivierephoto.com\/wp-content\/uploads\/2018\/05\/Feu-dartifice-07E.jpg 1280w, https:\/\/alainlarivierephoto.com\/wp-content\/uploads\/2018\/05\/Feu-dartifice-07E-180x120.jpg 180w, https:\/\/alainlarivierephoto.com\/wp-content\/uploads\/2018\/05\/Feu-dartifice-07E-300x200.jpg 300w, https:\/\/alainlarivierephoto.com\/wp-content\/uploads\/2018\/05\/Feu-dartifice-07E-768x511.jpg 768w\" sizes=\"auto, (max-width: 1280px) 100vw, 1280px\" \/><\/a><\/p>\n<p>Feu d&rsquo;artifice \u00e0 Orl\u00e9ans, 18-06-2011<\/p>\n<p>&nbsp;<\/p>\n<p>Spectacle nocturne \u00e0 Orl\u00e9ans, le 18-06-2011, sur les rives de la Loire se terminant par un feu d&rsquo;artifice.<\/p>\n","protected":false},"excerpt":{"rendered":"<p>Feu d&rsquo;artifice \u00e0 Orl\u00e9ans, 18-06-2011 &nbsp; Spectacle nocturne \u00e0 Orl\u00e9ans, le 18-06-2011, sur les rives de la Loire se terminant par un feu d&rsquo;artifice.<\/p>\n","protected":false},"author":1,"featured_media":0,"comment_status":"open","ping_status":"open","sticky":false,"template":"","format":"standard","meta":{"footnotes":"","_links_to":"","_links_to_target":""},"categories":[5,310],"tags":[321,959],"class_list":["post-12995","post","type-post","status-publish","format-standard","hentry","category-ambiances-nocturnes","category-spectacles","tag-feu-dartifice","tag-spectacle-nocturne"],"_links":{"self":[{"href":"https:\/\/alainlarivierephoto.com\/index.php?rest_route=\/wp\/v2\/posts\/12995","targetHints":{"allow":["GET"]}}],"collection":[{"href":"https:\/\/alainlarivierephoto.com\/index.php?rest_route=\/wp\/v2\/posts"}],"about":[{"href":"https:\/\/alainlarivierephoto.com\/index.php?rest_route=\/wp\/v2\/types\/post"}],"author":[{"embeddable":true,"href":"https:\/\/alainlarivierephoto.com\/index.php?rest_route=\/wp\/v2\/users\/1"}],"replies":[{"embeddable":true,"href":"https:\/\/alainlarivierephoto.com\/index.php?rest_route=%2Fwp%2Fv2%2Fcomments&post=12995"}],"version-history":[{"count":9,"href":"https:\/\/alainlarivierephoto.com\/index.php?rest_route=\/wp\/v2\/posts\/12995\/revisions"}],"predecessor-version":[{"id":13000,"href":"https:\/\/alainlarivierephoto.com\/index.php?rest_route=\/wp\/v2\/posts\/12995\/revisions\/13000"}],"wp:attachment":[{"href":"https:\/\/alainlarivierephoto.com\/index.php?rest_route=%2Fwp%2Fv2%2Fmedia&parent=12995"}],"wp:term":[{"taxonomy":"category","embeddable":true,"href":"https:\/\/alainlarivierephoto.com\/index.php?rest_route=%2Fwp%2Fv2%2Fcategories&post=12995"},{"taxonomy":"post_tag","embeddable":true,"href":"https:\/\/alainlarivierephoto.com\/index.php?rest_route=%2Fwp%2Fv2%2Ftags&post=12995"}],"curies":[{"name":"wp","href":"https:\/\/api.w.org\/{rel}","templated":true}]}}