{"id":12986,"date":"2018-10-25T00:05:12","date_gmt":"2018-10-24T22:05:12","guid":{"rendered":"https:\/\/alainlarivierephoto.com\/?p=12986"},"modified":"2018-12-11T18:17:02","modified_gmt":"2018-12-11T17:17:02","slug":"spectacle-choregraphique-5-6","status":"publish","type":"post","link":"https:\/\/alainlarivierephoto.com\/?p=12986","title":{"rendered":"Spectacle chor\u00e9graphique"},"content":{"rendered":"<div id=\"attachment_12752\" style=\"width: 1290px\" class=\"wp-caption aligncenter\"><a href=\"https:\/\/alainlarivierephoto.com\/wp-content\/uploads\/2018\/10\/Spectacle-chor\u00e9graphique-05I.jpg\"><img loading=\"lazy\" decoding=\"async\" aria-describedby=\"caption-attachment-12752\" class=\"size-large wp-image-12752 colorbox-12986\" src=\"https:\/\/alainlarivierephoto.com\/wp-content\/uploads\/2018\/10\/Spectacle-chor\u00e9graphique-05I-1280x852.jpg\" alt=\"Spectacle chor\u00e9graphique \u00e0 Fleury-les-Aubrais 25-06-2011 -5-\" width=\"1280\" height=\"852\" srcset=\"https:\/\/alainlarivierephoto.com\/wp-content\/uploads\/2018\/10\/Spectacle-chor\u00e9graphique-05I.jpg 1280w, https:\/\/alainlarivierephoto.com\/wp-content\/uploads\/2018\/10\/Spectacle-chor\u00e9graphique-05I-180x120.jpg 180w, https:\/\/alainlarivierephoto.com\/wp-content\/uploads\/2018\/10\/Spectacle-chor\u00e9graphique-05I-300x200.jpg 300w, https:\/\/alainlarivierephoto.com\/wp-content\/uploads\/2018\/10\/Spectacle-chor\u00e9graphique-05I-768x511.jpg 768w\" sizes=\"auto, (max-width: 1280px) 100vw, 1280px\" \/><\/a><p id=\"caption-attachment-12752\" class=\"wp-caption-text\">Spectacle chor\u00e9graphique<\/p><\/div>\n<div id=\"attachment_12753\" style=\"width: 1290px\" class=\"wp-caption aligncenter\"><a href=\"https:\/\/alainlarivierephoto.com\/wp-content\/uploads\/2018\/10\/Spectacle-chor\u00e9graphique-06E.jpg\"><img loading=\"lazy\" decoding=\"async\" aria-describedby=\"caption-attachment-12753\" class=\"size-large wp-image-12753 colorbox-12986\" src=\"https:\/\/alainlarivierephoto.com\/wp-content\/uploads\/2018\/10\/Spectacle-chor\u00e9graphique-06E-1280x852.jpg\" alt=\"Spectacle chor\u00e9graphique \u00e0 Fleury-les-Aubrais 25-06-2011 -6-\" width=\"1280\" height=\"852\" srcset=\"https:\/\/alainlarivierephoto.com\/wp-content\/uploads\/2018\/10\/Spectacle-chor\u00e9graphique-06E.jpg 1280w, https:\/\/alainlarivierephoto.com\/wp-content\/uploads\/2018\/10\/Spectacle-chor\u00e9graphique-06E-180x120.jpg 180w, https:\/\/alainlarivierephoto.com\/wp-content\/uploads\/2018\/10\/Spectacle-chor\u00e9graphique-06E-300x200.jpg 300w, https:\/\/alainlarivierephoto.com\/wp-content\/uploads\/2018\/10\/Spectacle-chor\u00e9graphique-06E-768x511.jpg 768w\" sizes=\"auto, (max-width: 1280px) 100vw, 1280px\" \/><\/a><p id=\"caption-attachment-12753\" class=\"wp-caption-text\">Spectacle chor\u00e9graphique<\/p><\/div>\n<p>&nbsp;<\/p>\n<p>Spectacle chor\u00e9graphique de fin d&rsquo;ann\u00e9e qui s&rsquo;est tenu \u00e0 \u00ab\u00a0La Passerelle\u00a0\u00bb de Fleury-les-Aubrais (Loiret, France) le 25\/06\/2011.<\/p>\n","protected":false},"excerpt":{"rendered":"<p>&nbsp; Spectacle chor\u00e9graphique de fin d&rsquo;ann\u00e9e qui s&rsquo;est tenu \u00e0 \u00ab\u00a0La Passerelle\u00a0\u00bb de Fleury-les-Aubrais (Loiret, France) le 25\/06\/2011.<\/p>\n","protected":false},"author":1,"featured_media":0,"comment_status":"open","ping_status":"open","sticky":false,"template":"","format":"standard","meta":{"footnotes":"","_links_to":"","_links_to_target":""},"categories":[40,271,310],"tags":[960,788],"class_list":["post-12986","post","type-post","status-publish","format-standard","hentry","category-personnages","category-reportages","category-spectacles","tag-choregraphie","tag-spectacle"],"_links":{"self":[{"href":"https:\/\/alainlarivierephoto.com\/index.php?rest_route=\/wp\/v2\/posts\/12986","targetHints":{"allow":["GET"]}}],"collection":[{"href":"https:\/\/alainlarivierephoto.com\/index.php?rest_route=\/wp\/v2\/posts"}],"about":[{"href":"https:\/\/alainlarivierephoto.com\/index.php?rest_route=\/wp\/v2\/types\/post"}],"author":[{"embeddable":true,"href":"https:\/\/alainlarivierephoto.com\/index.php?rest_route=\/wp\/v2\/users\/1"}],"replies":[{"embeddable":true,"href":"https:\/\/alainlarivierephoto.com\/index.php?rest_route=%2Fwp%2Fv2%2Fcomments&post=12986"}],"version-history":[{"count":4,"href":"https:\/\/alainlarivierephoto.com\/index.php?rest_route=\/wp\/v2\/posts\/12986\/revisions"}],"predecessor-version":[{"id":12992,"href":"https:\/\/alainlarivierephoto.com\/index.php?rest_route=\/wp\/v2\/posts\/12986\/revisions\/12992"}],"wp:attachment":[{"href":"https:\/\/alainlarivierephoto.com\/index.php?rest_route=%2Fwp%2Fv2%2Fmedia&parent=12986"}],"wp:term":[{"taxonomy":"category","embeddable":true,"href":"https:\/\/alainlarivierephoto.com\/index.php?rest_route=%2Fwp%2Fv2%2Fcategories&post=12986"},{"taxonomy":"post_tag","embeddable":true,"href":"https:\/\/alainlarivierephoto.com\/index.php?rest_route=%2Fwp%2Fv2%2Ftags&post=12986"}],"curies":[{"name":"wp","href":"https:\/\/api.w.org\/{rel}","templated":true}]}}