{"id":12738,"date":"2018-10-07T00:05:57","date_gmt":"2018-10-06T22:05:57","guid":{"rendered":"https:\/\/alainlarivierephoto.com\/?p=12738"},"modified":"2018-10-05T11:42:23","modified_gmt":"2018-10-05T09:42:23","slug":"tout-feu-tout-flamme-2","status":"publish","type":"post","link":"https:\/\/alainlarivierephoto.com\/?p=12738","title":{"rendered":"Tout feu, tout flamme"},"content":{"rendered":"<div id=\"attachment_12599\" style=\"width: 1290px\" class=\"wp-caption aligncenter\"><a href=\"https:\/\/alainlarivierephoto.com\/wp-content\/uploads\/2018\/05\/Tout-feu-tout-flamme-03E.jpg\"><img loading=\"lazy\" decoding=\"async\" aria-describedby=\"caption-attachment-12599\" class=\"size-large wp-image-12599 colorbox-12738\" src=\"https:\/\/alainlarivierephoto.com\/wp-content\/uploads\/2018\/05\/Tout-feu-tout-flamme-03E-1280x852.jpg\" alt=\"Spectacle nocturne \u00e0 Orl\u00e9ans, 18-06-2011 -7-\" width=\"1280\" height=\"852\" srcset=\"https:\/\/alainlarivierephoto.com\/wp-content\/uploads\/2018\/05\/Tout-feu-tout-flamme-03E.jpg 1280w, https:\/\/alainlarivierephoto.com\/wp-content\/uploads\/2018\/05\/Tout-feu-tout-flamme-03E-180x120.jpg 180w, https:\/\/alainlarivierephoto.com\/wp-content\/uploads\/2018\/05\/Tout-feu-tout-flamme-03E-300x200.jpg 300w, https:\/\/alainlarivierephoto.com\/wp-content\/uploads\/2018\/05\/Tout-feu-tout-flamme-03E-768x511.jpg 768w\" sizes=\"auto, (max-width: 1280px) 100vw, 1280px\" \/><\/a><p id=\"caption-attachment-12599\" class=\"wp-caption-text\">Spectacle nocturne \u00e0 Orl\u00e9ans, 18-06-2011 : tout feu, tout flamme<\/p><\/div>\n<p>&nbsp;<\/p>\n<p>Spectacle nocturne \u00e0 Orl\u00e9ans, le 18-06-2011, sur les rives de la Loire : chor\u00e9graphie, feux, fumig\u00e8nes et jeux de lumi\u00e8re accompagnaient les acteurs. Le spectacle se terminait par un feu d\u2019artifice.<\/p>\n","protected":false},"excerpt":{"rendered":"<p>&nbsp; Spectacle nocturne \u00e0 Orl\u00e9ans, le 18-06-2011, sur les rives de la Loire : chor\u00e9graphie, feux, fumig\u00e8nes et jeux de lumi\u00e8re accompagnaient les acteurs. Le spectacle se terminait par un feu d\u2019artifice.<\/p>\n","protected":false},"author":1,"featured_media":0,"comment_status":"open","ping_status":"open","sticky":false,"template":"","format":"standard","meta":{"footnotes":"","_links_to":"","_links_to_target":""},"categories":[5,310],"tags":[306,307,959],"class_list":["post-12738","post","type-post","status-publish","format-standard","hentry","category-ambiances-nocturnes","category-spectacles","tag-flamme","tag-fumee","tag-spectacle-nocturne"],"_links":{"self":[{"href":"https:\/\/alainlarivierephoto.com\/index.php?rest_route=\/wp\/v2\/posts\/12738","targetHints":{"allow":["GET"]}}],"collection":[{"href":"https:\/\/alainlarivierephoto.com\/index.php?rest_route=\/wp\/v2\/posts"}],"about":[{"href":"https:\/\/alainlarivierephoto.com\/index.php?rest_route=\/wp\/v2\/types\/post"}],"author":[{"embeddable":true,"href":"https:\/\/alainlarivierephoto.com\/index.php?rest_route=\/wp\/v2\/users\/1"}],"replies":[{"embeddable":true,"href":"https:\/\/alainlarivierephoto.com\/index.php?rest_route=%2Fwp%2Fv2%2Fcomments&post=12738"}],"version-history":[{"count":1,"href":"https:\/\/alainlarivierephoto.com\/index.php?rest_route=\/wp\/v2\/posts\/12738\/revisions"}],"predecessor-version":[{"id":12739,"href":"https:\/\/alainlarivierephoto.com\/index.php?rest_route=\/wp\/v2\/posts\/12738\/revisions\/12739"}],"wp:attachment":[{"href":"https:\/\/alainlarivierephoto.com\/index.php?rest_route=%2Fwp%2Fv2%2Fmedia&parent=12738"}],"wp:term":[{"taxonomy":"category","embeddable":true,"href":"https:\/\/alainlarivierephoto.com\/index.php?rest_route=%2Fwp%2Fv2%2Fcategories&post=12738"},{"taxonomy":"post_tag","embeddable":true,"href":"https:\/\/alainlarivierephoto.com\/index.php?rest_route=%2Fwp%2Fv2%2Ftags&post=12738"}],"curies":[{"name":"wp","href":"https:\/\/api.w.org\/{rel}","templated":true}]}}