{"id":12652,"date":"2018-09-18T00:05:56","date_gmt":"2018-09-17T22:05:56","guid":{"rendered":"https:\/\/alainlarivierephoto.com\/?p=12652"},"modified":"2018-05-31T18:39:05","modified_gmt":"2018-05-31T16:39:05","slug":"spectacle-nocturne-a-orleans-2","status":"publish","type":"post","link":"https:\/\/alainlarivierephoto.com\/?p=12652","title":{"rendered":"Spectacle nocturne \u00e0 Orl\u00e9ans"},"content":{"rendered":"<div id=\"attachment_12594\" style=\"width: 1290px\" class=\"wp-caption aligncenter\"><a href=\"https:\/\/alainlarivierephoto.com\/wp-content\/uploads\/2018\/05\/Sc\u00e9nographie-02E-1.jpg\"><img loading=\"lazy\" decoding=\"async\" aria-describedby=\"caption-attachment-12594\" class=\"size-large wp-image-12594 colorbox-12652\" src=\"https:\/\/alainlarivierephoto.com\/wp-content\/uploads\/2018\/05\/Sc\u00e9nographie-02E-1-1280x391.jpg\" alt=\"Spectacle nocturne \u00e0 Orl\u00e9ans, 18-06-2011 -2-\" width=\"1280\" height=\"391\" srcset=\"https:\/\/alainlarivierephoto.com\/wp-content\/uploads\/2018\/05\/Sc\u00e9nographie-02E-1.jpg 1280w, https:\/\/alainlarivierephoto.com\/wp-content\/uploads\/2018\/05\/Sc\u00e9nographie-02E-1-180x55.jpg 180w, https:\/\/alainlarivierephoto.com\/wp-content\/uploads\/2018\/05\/Sc\u00e9nographie-02E-1-300x92.jpg 300w, https:\/\/alainlarivierephoto.com\/wp-content\/uploads\/2018\/05\/Sc\u00e9nographie-02E-1-768x235.jpg 768w\" sizes=\"auto, (max-width: 1280px) 100vw, 1280px\" \/><\/a><p id=\"caption-attachment-12594\" class=\"wp-caption-text\">Spectacle nocturne \u00e0 Orl\u00e9ans<\/p><\/div>\n<p>&nbsp;<\/p>\n<p style=\"text-align: left;\">Spectacle nocturne \u00e0 Orl\u00e9ans, le 18-06-2011, sur les rives de la Loire, avec pour th\u00e8me les v\u00e9g\u00e9taux. Les figurants \u00e9taient \u00ab habill\u00e9s \u00bb par des fleurs et des parties v\u00e9g\u00e9tales. Chor\u00e9graphie, feux, fumig\u00e8nes et jeux de lumi\u00e8re accompagnaient les acteurs. Le spectacle se terminait par un feu d\u2019artifice.<\/p>\n","protected":false},"excerpt":{"rendered":"<p>&nbsp; Spectacle nocturne \u00e0 Orl\u00e9ans, le 18-06-2011, sur les rives de la Loire, avec pour th\u00e8me les v\u00e9g\u00e9taux. Les figurants \u00e9taient \u00ab habill\u00e9s \u00bb par des fleurs et des parties v\u00e9g\u00e9tales. Chor\u00e9graphie, feux, fumig\u00e8nes et jeux de lumi\u00e8re accompagnaient les acteurs. Le spectacle se terminait par un feu d\u2019artifice.<\/p>\n","protected":false},"author":1,"featured_media":0,"comment_status":"open","ping_status":"open","sticky":false,"template":"","format":"standard","meta":{"footnotes":"","_links_to":"","_links_to_target":""},"categories":[5,310],"tags":[788],"class_list":["post-12652","post","type-post","status-publish","format-standard","hentry","category-ambiances-nocturnes","category-spectacles","tag-spectacle"],"_links":{"self":[{"href":"https:\/\/alainlarivierephoto.com\/index.php?rest_route=\/wp\/v2\/posts\/12652","targetHints":{"allow":["GET"]}}],"collection":[{"href":"https:\/\/alainlarivierephoto.com\/index.php?rest_route=\/wp\/v2\/posts"}],"about":[{"href":"https:\/\/alainlarivierephoto.com\/index.php?rest_route=\/wp\/v2\/types\/post"}],"author":[{"embeddable":true,"href":"https:\/\/alainlarivierephoto.com\/index.php?rest_route=\/wp\/v2\/users\/1"}],"replies":[{"embeddable":true,"href":"https:\/\/alainlarivierephoto.com\/index.php?rest_route=%2Fwp%2Fv2%2Fcomments&post=12652"}],"version-history":[{"count":1,"href":"https:\/\/alainlarivierephoto.com\/index.php?rest_route=\/wp\/v2\/posts\/12652\/revisions"}],"predecessor-version":[{"id":12653,"href":"https:\/\/alainlarivierephoto.com\/index.php?rest_route=\/wp\/v2\/posts\/12652\/revisions\/12653"}],"wp:attachment":[{"href":"https:\/\/alainlarivierephoto.com\/index.php?rest_route=%2Fwp%2Fv2%2Fmedia&parent=12652"}],"wp:term":[{"taxonomy":"category","embeddable":true,"href":"https:\/\/alainlarivierephoto.com\/index.php?rest_route=%2Fwp%2Fv2%2Fcategories&post=12652"},{"taxonomy":"post_tag","embeddable":true,"href":"https:\/\/alainlarivierephoto.com\/index.php?rest_route=%2Fwp%2Fv2%2Ftags&post=12652"}],"curies":[{"name":"wp","href":"https:\/\/api.w.org\/{rel}","templated":true}]}}