{"id":12639,"date":"2018-09-15T00:05:09","date_gmt":"2018-09-14T22:05:09","guid":{"rendered":"https:\/\/alainlarivierephoto.com\/?p=12639"},"modified":"2018-05-31T18:15:49","modified_gmt":"2018-05-31T16:15:49","slug":"le-manege-speed-flip-7","status":"publish","type":"post","link":"https:\/\/alainlarivierephoto.com\/?p=12639","title":{"rendered":"Le man\u00e8ge Speed Flip"},"content":{"rendered":"<div id=\"attachment_11995\" style=\"width: 1290px\" class=\"wp-caption aligncenter\"><a href=\"https:\/\/alainlarivierephoto.com\/wp-content\/uploads\/2018\/05\/Le-man\u00e8ge-Speed-Flip-07E.jpg\"><img loading=\"lazy\" decoding=\"async\" aria-describedby=\"caption-attachment-11995\" class=\"size-large wp-image-11995 colorbox-12639\" src=\"https:\/\/alainlarivierephoto.com\/wp-content\/uploads\/2018\/05\/Le-man\u00e8ge-Speed-Flip-07E-1280x828.jpg\" alt=\"Le man\u00e8ge Speed Flip -7-\" width=\"1280\" height=\"828\" srcset=\"https:\/\/alainlarivierephoto.com\/wp-content\/uploads\/2018\/05\/Le-man\u00e8ge-Speed-Flip-07E.jpg 1280w, https:\/\/alainlarivierephoto.com\/wp-content\/uploads\/2018\/05\/Le-man\u00e8ge-Speed-Flip-07E-180x116.jpg 180w, https:\/\/alainlarivierephoto.com\/wp-content\/uploads\/2018\/05\/Le-man\u00e8ge-Speed-Flip-07E-300x194.jpg 300w, https:\/\/alainlarivierephoto.com\/wp-content\/uploads\/2018\/05\/Le-man\u00e8ge-Speed-Flip-07E-768x497.jpg 768w\" sizes=\"auto, (max-width: 1280px) 100vw, 1280px\" \/><\/a><p id=\"caption-attachment-11995\" class=\"wp-caption-text\">Le man\u00e8ge Speed Flip<\/p><\/div>\n<p>&nbsp;<\/p>\n<p style=\"text-align: justify;\">La f\u00eate foraine est une source d\u2019inspiration in\u00e9puisable pour le photographe. De jour, le regard porte sur l\u2019\u00e9l\u00e9ment humain. Il s\u2019agit de capter le comportement des enfants et de leurs parents autour et sur les attractions : cris, rires, pleurs. A la tomb\u00e9e de la nuit et de nuit le regard du photographe se concentre principalement sur les multiples jeux de lumi\u00e8re multicolores d\u00e9livr\u00e9s par les man\u00e8ges. Les personnages s\u2019effacent, devenant des ombres ou des ectoplasmes, tels des fant\u00f4mes errants, \u00e0 cause d\u2019une pose longue. La nuit, il s\u2019agit de capter les ambiances. Cette s\u00e9rie met l\u2019accent sur les jeux de lumi\u00e8re.<\/p>\n","protected":false},"excerpt":{"rendered":"<p>&nbsp; La f\u00eate foraine est une source d\u2019inspiration in\u00e9puisable pour le photographe. De jour, le regard porte sur l\u2019\u00e9l\u00e9ment humain. Il s\u2019agit de capter le comportement des enfants et de leurs parents autour et sur les attractions : cris, rires, pleurs. A la tomb\u00e9e de la nuit et de nuit le regard du photographe se [&hellip;]<\/p>\n","protected":false},"author":1,"featured_media":0,"comment_status":"open","ping_status":"open","sticky":false,"template":"","format":"standard","meta":{"footnotes":"","_links_to":"","_links_to_target":""},"categories":[5],"tags":[840,945,737,742],"class_list":["post-12639","post","type-post","status-publish","format-standard","hentry","category-ambiances-nocturnes","tag-ambiance-nocturne","tag-attraction","tag-fete-foraine","tag-manege"],"_links":{"self":[{"href":"https:\/\/alainlarivierephoto.com\/index.php?rest_route=\/wp\/v2\/posts\/12639","targetHints":{"allow":["GET"]}}],"collection":[{"href":"https:\/\/alainlarivierephoto.com\/index.php?rest_route=\/wp\/v2\/posts"}],"about":[{"href":"https:\/\/alainlarivierephoto.com\/index.php?rest_route=\/wp\/v2\/types\/post"}],"author":[{"embeddable":true,"href":"https:\/\/alainlarivierephoto.com\/index.php?rest_route=\/wp\/v2\/users\/1"}],"replies":[{"embeddable":true,"href":"https:\/\/alainlarivierephoto.com\/index.php?rest_route=%2Fwp%2Fv2%2Fcomments&post=12639"}],"version-history":[{"count":2,"href":"https:\/\/alainlarivierephoto.com\/index.php?rest_route=\/wp\/v2\/posts\/12639\/revisions"}],"predecessor-version":[{"id":12641,"href":"https:\/\/alainlarivierephoto.com\/index.php?rest_route=\/wp\/v2\/posts\/12639\/revisions\/12641"}],"wp:attachment":[{"href":"https:\/\/alainlarivierephoto.com\/index.php?rest_route=%2Fwp%2Fv2%2Fmedia&parent=12639"}],"wp:term":[{"taxonomy":"category","embeddable":true,"href":"https:\/\/alainlarivierephoto.com\/index.php?rest_route=%2Fwp%2Fv2%2Fcategories&post=12639"},{"taxonomy":"post_tag","embeddable":true,"href":"https:\/\/alainlarivierephoto.com\/index.php?rest_route=%2Fwp%2Fv2%2Ftags&post=12639"}],"curies":[{"name":"wp","href":"https:\/\/api.w.org\/{rel}","templated":true}]}}