{"id":12510,"date":"2018-08-26T00:05:00","date_gmt":"2018-08-25T22:05:00","guid":{"rendered":"https:\/\/alainlarivierephoto.com\/?p=12510"},"modified":"2018-05-22T16:42:35","modified_gmt":"2018-05-22T14:42:35","slug":"theatre-dorleans-de-nuit-8","status":"publish","type":"post","link":"https:\/\/alainlarivierephoto.com\/?p=12510","title":{"rendered":"Th\u00e9\u00e2tre d&rsquo;Orl\u00e9ans de nuit"},"content":{"rendered":"<div id=\"attachment_12119\" style=\"width: 1290px\" class=\"wp-caption aligncenter\"><a href=\"https:\/\/alainlarivierephoto.com\/wp-content\/uploads\/2018\/05\/Th\u00e9\u00e2tre-dOrl\u00e9ans-de-nuit-08E.jpg\"><img loading=\"lazy\" decoding=\"async\" aria-describedby=\"caption-attachment-12119\" class=\"size-large wp-image-12119 colorbox-12510\" src=\"https:\/\/alainlarivierephoto.com\/wp-content\/uploads\/2018\/05\/Th\u00e9\u00e2tre-dOrl\u00e9ans-de-nuit-08E-1280x1216.jpg\" alt=\"Th\u00e9\u00e2tre d'Orl\u00e9ans de nuit -8-\" width=\"1280\" height=\"1216\" srcset=\"https:\/\/alainlarivierephoto.com\/wp-content\/uploads\/2018\/05\/Th\u00e9\u00e2tre-dOrl\u00e9ans-de-nuit-08E.jpg 1280w, https:\/\/alainlarivierephoto.com\/wp-content\/uploads\/2018\/05\/Th\u00e9\u00e2tre-dOrl\u00e9ans-de-nuit-08E-180x171.jpg 180w, https:\/\/alainlarivierephoto.com\/wp-content\/uploads\/2018\/05\/Th\u00e9\u00e2tre-dOrl\u00e9ans-de-nuit-08E-300x285.jpg 300w, https:\/\/alainlarivierephoto.com\/wp-content\/uploads\/2018\/05\/Th\u00e9\u00e2tre-dOrl\u00e9ans-de-nuit-08E-768x730.jpg 768w\" sizes=\"auto, (max-width: 1280px) 100vw, 1280px\" \/><\/a><p id=\"caption-attachment-12119\" class=\"wp-caption-text\">Th\u00e9\u00e2tre d&rsquo;Orl\u00e9ans de nuit<\/p><\/div>\n<p>&nbsp;<\/p>\n<p style=\"text-align: justify;\">Cette photographie nocturne montre le tunnel \u00e9clair\u00e9 du th\u00e9\u00e2tre d&rsquo;Orl\u00e9ans (Loiret &#8211; France) qui relie le hall d&rsquo;accueil et le bar \u00e0 la salle de spectacle. En dessous du b\u00e2timent des plaques m\u00e9talliques courbes, lisses et rivet\u00e9es renvoient par un effet de double miroir l&rsquo;image d\u00e9form\u00e9e et mouvante des objets se refl\u00e9tant dans l&rsquo;eau d&rsquo;un bassin situ\u00e9, lui aussi, en dessous de la structure.<\/p>\n","protected":false},"excerpt":{"rendered":"<p>&nbsp; Cette photographie nocturne montre le tunnel \u00e9clair\u00e9 du th\u00e9\u00e2tre d&rsquo;Orl\u00e9ans (Loiret &#8211; France) qui relie le hall d&rsquo;accueil et le bar \u00e0 la salle de spectacle. En dessous du b\u00e2timent des plaques m\u00e9talliques courbes, lisses et rivet\u00e9es renvoient par un effet de double miroir l&rsquo;image d\u00e9form\u00e9e et mouvante des objets se refl\u00e9tant dans l&rsquo;eau [&hellip;]<\/p>\n","protected":false},"author":1,"featured_media":0,"comment_status":"open","ping_status":"open","sticky":false,"template":"","format":"standard","meta":{"footnotes":"","_links_to":"","_links_to_target":""},"categories":[5,391,77],"tags":[840,752,741],"class_list":["post-12510","post","type-post","status-publish","format-standard","hentry","category-ambiances-nocturnes","category-graphisme","category-reflets","tag-ambiance-nocturne","tag-graphisme","tag-reflet"],"_links":{"self":[{"href":"https:\/\/alainlarivierephoto.com\/index.php?rest_route=\/wp\/v2\/posts\/12510","targetHints":{"allow":["GET"]}}],"collection":[{"href":"https:\/\/alainlarivierephoto.com\/index.php?rest_route=\/wp\/v2\/posts"}],"about":[{"href":"https:\/\/alainlarivierephoto.com\/index.php?rest_route=\/wp\/v2\/types\/post"}],"author":[{"embeddable":true,"href":"https:\/\/alainlarivierephoto.com\/index.php?rest_route=\/wp\/v2\/users\/1"}],"replies":[{"embeddable":true,"href":"https:\/\/alainlarivierephoto.com\/index.php?rest_route=%2Fwp%2Fv2%2Fcomments&post=12510"}],"version-history":[{"count":3,"href":"https:\/\/alainlarivierephoto.com\/index.php?rest_route=\/wp\/v2\/posts\/12510\/revisions"}],"predecessor-version":[{"id":12513,"href":"https:\/\/alainlarivierephoto.com\/index.php?rest_route=\/wp\/v2\/posts\/12510\/revisions\/12513"}],"wp:attachment":[{"href":"https:\/\/alainlarivierephoto.com\/index.php?rest_route=%2Fwp%2Fv2%2Fmedia&parent=12510"}],"wp:term":[{"taxonomy":"category","embeddable":true,"href":"https:\/\/alainlarivierephoto.com\/index.php?rest_route=%2Fwp%2Fv2%2Fcategories&post=12510"},{"taxonomy":"post_tag","embeddable":true,"href":"https:\/\/alainlarivierephoto.com\/index.php?rest_route=%2Fwp%2Fv2%2Ftags&post=12510"}],"curies":[{"name":"wp","href":"https:\/\/api.w.org\/{rel}","templated":true}]}}