{"id":12492,"date":"2018-08-21T00:05:49","date_gmt":"2018-08-20T22:05:49","guid":{"rendered":"https:\/\/alainlarivierephoto.com\/?p=12492"},"modified":"2018-07-28T22:11:44","modified_gmt":"2018-07-28T20:11:44","slug":"elagage-acrobatique-10-10r","status":"publish","type":"post","link":"https:\/\/alainlarivierephoto.com\/?p=12492","title":{"rendered":"Elagage acrobatique"},"content":{"rendered":"<div id=\"attachment_12143\" style=\"width: 1290px\" class=\"wp-caption aligncenter\"><a href=\"https:\/\/alainlarivierephoto.com\/wp-content\/uploads\/2018\/05\/Elagage-acrobatique-10E.jpg\"><img loading=\"lazy\" decoding=\"async\" aria-describedby=\"caption-attachment-12143\" class=\"size-large wp-image-12143 colorbox-12492\" src=\"https:\/\/alainlarivierephoto.com\/wp-content\/uploads\/2018\/05\/Elagage-acrobatique-10E-1280x850.jpg\" alt=\"Elagage acrobatique -10-\" width=\"1280\" height=\"850\" srcset=\"https:\/\/alainlarivierephoto.com\/wp-content\/uploads\/2018\/05\/Elagage-acrobatique-10E.jpg 1280w, https:\/\/alainlarivierephoto.com\/wp-content\/uploads\/2018\/05\/Elagage-acrobatique-10E-180x120.jpg 180w, https:\/\/alainlarivierephoto.com\/wp-content\/uploads\/2018\/05\/Elagage-acrobatique-10E-300x199.jpg 300w, https:\/\/alainlarivierephoto.com\/wp-content\/uploads\/2018\/05\/Elagage-acrobatique-10E-768x510.jpg 768w\" sizes=\"auto, (max-width: 1280px) 100vw, 1280px\" \/><\/a><p id=\"caption-attachment-12143\" class=\"wp-caption-text\">Elagage acrobatique<\/p><\/div>\n<div id=\"attachment_12144\" style=\"width: 908px\" class=\"wp-caption aligncenter\"><a href=\"https:\/\/alainlarivierephoto.com\/wp-content\/uploads\/2018\/05\/Elagage-acrobatique-10ER.jpg\"><img loading=\"lazy\" decoding=\"async\" aria-describedby=\"caption-attachment-12144\" class=\"size-large wp-image-12144 colorbox-12492\" src=\"https:\/\/alainlarivierephoto.com\/wp-content\/uploads\/2018\/05\/Elagage-acrobatique-10ER-898x1280.jpg\" alt=\"Elagage acrobatique -10R-\" width=\"898\" height=\"1280\" srcset=\"https:\/\/alainlarivierephoto.com\/wp-content\/uploads\/2018\/05\/Elagage-acrobatique-10ER.jpg 898w, https:\/\/alainlarivierephoto.com\/wp-content\/uploads\/2018\/05\/Elagage-acrobatique-10ER-126x180.jpg 126w, https:\/\/alainlarivierephoto.com\/wp-content\/uploads\/2018\/05\/Elagage-acrobatique-10ER-210x300.jpg 210w, https:\/\/alainlarivierephoto.com\/wp-content\/uploads\/2018\/05\/Elagage-acrobatique-10ER-768x1095.jpg 768w\" sizes=\"auto, (max-width: 898px) 100vw, 898px\" \/><\/a><p id=\"caption-attachment-12144\" class=\"wp-caption-text\">Elagage acrobatique<\/p><\/div>\n<p>&nbsp;<\/p>\n<p style=\"text-align: justify;\">Lors d\u2019un \u00e9pisode neigeux de l\u2019hiver 2010-2011, sous le poids de la neige, de nombreuses branches de ce C\u00e8dre ont c\u00e9d\u00e9es. Au printemps, l\u2019arbre mutil\u00e9 a subi un \u00e9lagage afin de supprimer les branches \u00e9clat\u00e9es. Les photographies de cette s\u00e9rie mettent en avant le travail des b\u00fbcherons harnach\u00e9s comme des alpinistes.<\/p>\n","protected":false},"excerpt":{"rendered":"<p>&nbsp; Lors d\u2019un \u00e9pisode neigeux de l\u2019hiver 2010-2011, sous le poids de la neige, de nombreuses branches de ce C\u00e8dre ont c\u00e9d\u00e9es. Au printemps, l\u2019arbre mutil\u00e9 a subi un \u00e9lagage afin de supprimer les branches \u00e9clat\u00e9es. Les photographies de cette s\u00e9rie mettent en avant le travail des b\u00fbcherons harnach\u00e9s comme des alpinistes.<\/p>\n","protected":false},"author":1,"featured_media":0,"comment_status":"open","ping_status":"open","sticky":false,"template":"","format":"standard","meta":{"footnotes":"","_links_to":"","_links_to_target":""},"categories":[271],"tags":[33,272,273],"class_list":["post-12492","post","type-post","status-publish","format-standard","hentry","category-reportages","tag-arbre","tag-bucheron","tag-elagage"],"_links":{"self":[{"href":"https:\/\/alainlarivierephoto.com\/index.php?rest_route=\/wp\/v2\/posts\/12492","targetHints":{"allow":["GET"]}}],"collection":[{"href":"https:\/\/alainlarivierephoto.com\/index.php?rest_route=\/wp\/v2\/posts"}],"about":[{"href":"https:\/\/alainlarivierephoto.com\/index.php?rest_route=\/wp\/v2\/types\/post"}],"author":[{"embeddable":true,"href":"https:\/\/alainlarivierephoto.com\/index.php?rest_route=\/wp\/v2\/users\/1"}],"replies":[{"embeddable":true,"href":"https:\/\/alainlarivierephoto.com\/index.php?rest_route=%2Fwp%2Fv2%2Fcomments&post=12492"}],"version-history":[{"count":3,"href":"https:\/\/alainlarivierephoto.com\/index.php?rest_route=\/wp\/v2\/posts\/12492\/revisions"}],"predecessor-version":[{"id":12690,"href":"https:\/\/alainlarivierephoto.com\/index.php?rest_route=\/wp\/v2\/posts\/12492\/revisions\/12690"}],"wp:attachment":[{"href":"https:\/\/alainlarivierephoto.com\/index.php?rest_route=%2Fwp%2Fv2%2Fmedia&parent=12492"}],"wp:term":[{"taxonomy":"category","embeddable":true,"href":"https:\/\/alainlarivierephoto.com\/index.php?rest_route=%2Fwp%2Fv2%2Fcategories&post=12492"},{"taxonomy":"post_tag","embeddable":true,"href":"https:\/\/alainlarivierephoto.com\/index.php?rest_route=%2Fwp%2Fv2%2Ftags&post=12492"}],"curies":[{"name":"wp","href":"https:\/\/api.w.org\/{rel}","templated":true}]}}