{"id":12482,"date":"2018-08-18T00:05:11","date_gmt":"2018-08-17T22:05:11","guid":{"rendered":"https:\/\/alainlarivierephoto.com\/?p=12482"},"modified":"2018-05-22T15:45:13","modified_gmt":"2018-05-22T13:45:13","slug":"theatre-dorleans-de-nuit-5-6","status":"publish","type":"post","link":"https:\/\/alainlarivierephoto.com\/?p=12482","title":{"rendered":"Th\u00e9\u00e2tre d&rsquo;Orl\u00e9ans de nuit"},"content":{"rendered":"<div id=\"attachment_12116\" style=\"width: 1290px\" class=\"wp-caption aligncenter\"><a href=\"https:\/\/alainlarivierephoto.com\/wp-content\/uploads\/2018\/05\/Th\u00e9\u00e2tre-dOrl\u00e9ans-de-nuit-05E.jpg\"><img loading=\"lazy\" decoding=\"async\" aria-describedby=\"caption-attachment-12116\" class=\"size-large wp-image-12116 colorbox-12482\" src=\"https:\/\/alainlarivierephoto.com\/wp-content\/uploads\/2018\/05\/Th\u00e9\u00e2tre-dOrl\u00e9ans-de-nuit-05E-1280x832.jpg\" alt=\"Th\u00e9\u00e2tre d'Orl\u00e9ans de nuit -5-\" width=\"1280\" height=\"832\" srcset=\"https:\/\/alainlarivierephoto.com\/wp-content\/uploads\/2018\/05\/Th\u00e9\u00e2tre-dOrl\u00e9ans-de-nuit-05E.jpg 1280w, https:\/\/alainlarivierephoto.com\/wp-content\/uploads\/2018\/05\/Th\u00e9\u00e2tre-dOrl\u00e9ans-de-nuit-05E-180x117.jpg 180w, https:\/\/alainlarivierephoto.com\/wp-content\/uploads\/2018\/05\/Th\u00e9\u00e2tre-dOrl\u00e9ans-de-nuit-05E-300x195.jpg 300w, https:\/\/alainlarivierephoto.com\/wp-content\/uploads\/2018\/05\/Th\u00e9\u00e2tre-dOrl\u00e9ans-de-nuit-05E-768x499.jpg 768w\" sizes=\"auto, (max-width: 1280px) 100vw, 1280px\" \/><\/a><p id=\"caption-attachment-12116\" class=\"wp-caption-text\">Th\u00e9\u00e2tre d&rsquo;Orl\u00e9ans de nuit<\/p><\/div>\n<div id=\"attachment_12117\" style=\"width: 1290px\" class=\"wp-caption aligncenter\"><a href=\"https:\/\/alainlarivierephoto.com\/wp-content\/uploads\/2018\/05\/Th\u00e9\u00e2tre-dOrl\u00e9ans-de-nuit-06E.jpg\"><img loading=\"lazy\" decoding=\"async\" aria-describedby=\"caption-attachment-12117\" class=\"size-large wp-image-12117 colorbox-12482\" src=\"https:\/\/alainlarivierephoto.com\/wp-content\/uploads\/2018\/05\/Th\u00e9\u00e2tre-dOrl\u00e9ans-de-nuit-06E-1280x828.jpg\" alt=\"Th\u00e9\u00e2tre d'Orl\u00e9ans de nuit -6-\" width=\"1280\" height=\"828\" srcset=\"https:\/\/alainlarivierephoto.com\/wp-content\/uploads\/2018\/05\/Th\u00e9\u00e2tre-dOrl\u00e9ans-de-nuit-06E.jpg 1280w, https:\/\/alainlarivierephoto.com\/wp-content\/uploads\/2018\/05\/Th\u00e9\u00e2tre-dOrl\u00e9ans-de-nuit-06E-180x116.jpg 180w, https:\/\/alainlarivierephoto.com\/wp-content\/uploads\/2018\/05\/Th\u00e9\u00e2tre-dOrl\u00e9ans-de-nuit-06E-300x194.jpg 300w, https:\/\/alainlarivierephoto.com\/wp-content\/uploads\/2018\/05\/Th\u00e9\u00e2tre-dOrl\u00e9ans-de-nuit-06E-768x497.jpg 768w\" sizes=\"auto, (max-width: 1280px) 100vw, 1280px\" \/><\/a><p id=\"caption-attachment-12117\" class=\"wp-caption-text\">Th\u00e9\u00e2tre d&rsquo;Orl\u00e9ans de nuit<\/p><\/div>\n<p>&nbsp;<\/p>\n<p>Cette photographie nocturne montre le tunnel \u00e9clair\u00e9 du th\u00e9\u00e2tre d&rsquo;Orl\u00e9ans (Loiret &#8211; France) qui relie le hall d&rsquo;accueil et le bar \u00e0 la salle de spectacle. En dessous du b\u00e2timent des plaques m\u00e9talliques courbes, lisses et rivet\u00e9es renvoient par un effet de double miroir l&rsquo;image d\u00e9form\u00e9e et mouvante des objets se refl\u00e9tant dans l&rsquo;eau d&rsquo;un bassin situ\u00e9, lui aussi, en dessous de la structure.<\/p>\n","protected":false},"excerpt":{"rendered":"<p>&nbsp; Cette photographie nocturne montre le tunnel \u00e9clair\u00e9 du th\u00e9\u00e2tre d&rsquo;Orl\u00e9ans (Loiret &#8211; France) qui relie le hall d&rsquo;accueil et le bar \u00e0 la salle de spectacle. En dessous du b\u00e2timent des plaques m\u00e9talliques courbes, lisses et rivet\u00e9es renvoient par un effet de double miroir l&rsquo;image d\u00e9form\u00e9e et mouvante des objets se refl\u00e9tant dans l&rsquo;eau [&hellip;]<\/p>\n","protected":false},"author":1,"featured_media":0,"comment_status":"open","ping_status":"open","sticky":false,"template":"","format":"standard","meta":{"footnotes":"","_links_to":"","_links_to_target":""},"categories":[5,391,77],"tags":[840,752,741],"class_list":["post-12482","post","type-post","status-publish","format-standard","hentry","category-ambiances-nocturnes","category-graphisme","category-reflets","tag-ambiance-nocturne","tag-graphisme","tag-reflet"],"_links":{"self":[{"href":"https:\/\/alainlarivierephoto.com\/index.php?rest_route=\/wp\/v2\/posts\/12482","targetHints":{"allow":["GET"]}}],"collection":[{"href":"https:\/\/alainlarivierephoto.com\/index.php?rest_route=\/wp\/v2\/posts"}],"about":[{"href":"https:\/\/alainlarivierephoto.com\/index.php?rest_route=\/wp\/v2\/types\/post"}],"author":[{"embeddable":true,"href":"https:\/\/alainlarivierephoto.com\/index.php?rest_route=\/wp\/v2\/users\/1"}],"replies":[{"embeddable":true,"href":"https:\/\/alainlarivierephoto.com\/index.php?rest_route=%2Fwp%2Fv2%2Fcomments&post=12482"}],"version-history":[{"count":3,"href":"https:\/\/alainlarivierephoto.com\/index.php?rest_route=\/wp\/v2\/posts\/12482\/revisions"}],"predecessor-version":[{"id":12485,"href":"https:\/\/alainlarivierephoto.com\/index.php?rest_route=\/wp\/v2\/posts\/12482\/revisions\/12485"}],"wp:attachment":[{"href":"https:\/\/alainlarivierephoto.com\/index.php?rest_route=%2Fwp%2Fv2%2Fmedia&parent=12482"}],"wp:term":[{"taxonomy":"category","embeddable":true,"href":"https:\/\/alainlarivierephoto.com\/index.php?rest_route=%2Fwp%2Fv2%2Fcategories&post=12482"},{"taxonomy":"post_tag","embeddable":true,"href":"https:\/\/alainlarivierephoto.com\/index.php?rest_route=%2Fwp%2Fv2%2Ftags&post=12482"}],"curies":[{"name":"wp","href":"https:\/\/api.w.org\/{rel}","templated":true}]}}