{"id":12471,"date":"2018-08-14T00:05:00","date_gmt":"2018-08-13T22:05:00","guid":{"rendered":"https:\/\/alainlarivierephoto.com\/?p=12471"},"modified":"2018-05-22T15:27:28","modified_gmt":"2018-05-22T13:27:28","slug":"elagage-acrobatique-7-7r","status":"publish","type":"post","link":"https:\/\/alainlarivierephoto.com\/?p=12471","title":{"rendered":"Elagage acrobatique"},"content":{"rendered":"<div id=\"attachment_12137\" style=\"width: 1290px\" class=\"wp-caption aligncenter\"><a href=\"https:\/\/alainlarivierephoto.com\/wp-content\/uploads\/2018\/05\/Elagage-acrobatique-07E.jpg\"><img loading=\"lazy\" decoding=\"async\" aria-describedby=\"caption-attachment-12137\" class=\"size-large wp-image-12137 colorbox-12471\" src=\"https:\/\/alainlarivierephoto.com\/wp-content\/uploads\/2018\/05\/Elagage-acrobatique-07E-1280x850.jpg\" alt=\"Elagage acrobatique -7-\" width=\"1280\" height=\"850\" srcset=\"https:\/\/alainlarivierephoto.com\/wp-content\/uploads\/2018\/05\/Elagage-acrobatique-07E.jpg 1280w, https:\/\/alainlarivierephoto.com\/wp-content\/uploads\/2018\/05\/Elagage-acrobatique-07E-180x120.jpg 180w, https:\/\/alainlarivierephoto.com\/wp-content\/uploads\/2018\/05\/Elagage-acrobatique-07E-300x199.jpg 300w, https:\/\/alainlarivierephoto.com\/wp-content\/uploads\/2018\/05\/Elagage-acrobatique-07E-768x510.jpg 768w\" sizes=\"auto, (max-width: 1280px) 100vw, 1280px\" \/><\/a><p id=\"caption-attachment-12137\" class=\"wp-caption-text\">Elagage acrobatique -7-<\/p><\/div>\n<div id=\"attachment_12138\" style=\"width: 967px\" class=\"wp-caption aligncenter\"><a href=\"https:\/\/alainlarivierephoto.com\/wp-content\/uploads\/2018\/05\/Elagage-acrobatique-07ER.jpg\"><img loading=\"lazy\" decoding=\"async\" aria-describedby=\"caption-attachment-12138\" class=\"size-large wp-image-12138 colorbox-12471\" src=\"https:\/\/alainlarivierephoto.com\/wp-content\/uploads\/2018\/05\/Elagage-acrobatique-07ER-957x1280.jpg\" alt=\"Elagage acrobatique -7R-\" width=\"957\" height=\"1280\" srcset=\"https:\/\/alainlarivierephoto.com\/wp-content\/uploads\/2018\/05\/Elagage-acrobatique-07ER.jpg 957w, https:\/\/alainlarivierephoto.com\/wp-content\/uploads\/2018\/05\/Elagage-acrobatique-07ER-135x180.jpg 135w, https:\/\/alainlarivierephoto.com\/wp-content\/uploads\/2018\/05\/Elagage-acrobatique-07ER-224x300.jpg 224w, https:\/\/alainlarivierephoto.com\/wp-content\/uploads\/2018\/05\/Elagage-acrobatique-07ER-768x1027.jpg 768w\" sizes=\"auto, (max-width: 957px) 100vw, 957px\" \/><\/a><p id=\"caption-attachment-12138\" class=\"wp-caption-text\">Elagage acrobatique -7R-<\/p><\/div>\n<p>&nbsp;<\/p>\n<p style=\"text-align: justify;\">Lors d\u2019un \u00e9pisode neigeux de l\u2019hiver 2010-2011, sous le poids de la neige, de nombreuses branches de ce C\u00e8dre ont c\u00e9d\u00e9es. Au printemps, l\u2019arbre mutil\u00e9 a subi un \u00e9lagage afin de supprimer les branches \u00e9clat\u00e9es. Les photographies de cette s\u00e9rie mettent en avant le travail des b\u00fbcherons harnach\u00e9s comme des alpinistes.<\/p>\n","protected":false},"excerpt":{"rendered":"<p>&nbsp; Lors d\u2019un \u00e9pisode neigeux de l\u2019hiver 2010-2011, sous le poids de la neige, de nombreuses branches de ce C\u00e8dre ont c\u00e9d\u00e9es. Au printemps, l\u2019arbre mutil\u00e9 a subi un \u00e9lagage afin de supprimer les branches \u00e9clat\u00e9es. Les photographies de cette s\u00e9rie mettent en avant le travail des b\u00fbcherons harnach\u00e9s comme des alpinistes.<\/p>\n","protected":false},"author":1,"featured_media":0,"comment_status":"open","ping_status":"open","sticky":false,"template":"","format":"standard","meta":{"footnotes":"","_links_to":"","_links_to_target":""},"categories":[271],"tags":[33,272,273],"class_list":["post-12471","post","type-post","status-publish","format-standard","hentry","category-reportages","tag-arbre","tag-bucheron","tag-elagage"],"_links":{"self":[{"href":"https:\/\/alainlarivierephoto.com\/index.php?rest_route=\/wp\/v2\/posts\/12471","targetHints":{"allow":["GET"]}}],"collection":[{"href":"https:\/\/alainlarivierephoto.com\/index.php?rest_route=\/wp\/v2\/posts"}],"about":[{"href":"https:\/\/alainlarivierephoto.com\/index.php?rest_route=\/wp\/v2\/types\/post"}],"author":[{"embeddable":true,"href":"https:\/\/alainlarivierephoto.com\/index.php?rest_route=\/wp\/v2\/users\/1"}],"replies":[{"embeddable":true,"href":"https:\/\/alainlarivierephoto.com\/index.php?rest_route=%2Fwp%2Fv2%2Fcomments&post=12471"}],"version-history":[{"count":1,"href":"https:\/\/alainlarivierephoto.com\/index.php?rest_route=\/wp\/v2\/posts\/12471\/revisions"}],"predecessor-version":[{"id":12472,"href":"https:\/\/alainlarivierephoto.com\/index.php?rest_route=\/wp\/v2\/posts\/12471\/revisions\/12472"}],"wp:attachment":[{"href":"https:\/\/alainlarivierephoto.com\/index.php?rest_route=%2Fwp%2Fv2%2Fmedia&parent=12471"}],"wp:term":[{"taxonomy":"category","embeddable":true,"href":"https:\/\/alainlarivierephoto.com\/index.php?rest_route=%2Fwp%2Fv2%2Fcategories&post=12471"},{"taxonomy":"post_tag","embeddable":true,"href":"https:\/\/alainlarivierephoto.com\/index.php?rest_route=%2Fwp%2Fv2%2Ftags&post=12471"}],"curies":[{"name":"wp","href":"https:\/\/api.w.org\/{rel}","templated":true}]}}