{"id":12452,"date":"2018-08-07T00:05:34","date_gmt":"2018-08-06T22:05:34","guid":{"rendered":"https:\/\/alainlarivierephoto.com\/?p=12452"},"modified":"2018-05-22T10:05:26","modified_gmt":"2018-05-22T08:05:26","slug":"theatre-dorleans-de-nuit-3","status":"publish","type":"post","link":"https:\/\/alainlarivierephoto.com\/?p=12452","title":{"rendered":"Th\u00e9\u00e2tre d&rsquo;Orl\u00e9ans de nuit"},"content":{"rendered":"<div id=\"attachment_12114\" style=\"width: 1290px\" class=\"wp-caption aligncenter\"><a href=\"https:\/\/alainlarivierephoto.com\/wp-content\/uploads\/2018\/05\/Th\u00e9\u00e2tre-dOrl\u00e9ans-de-nuit-03E.jpg\"><img loading=\"lazy\" decoding=\"async\" aria-describedby=\"caption-attachment-12114\" class=\"size-large wp-image-12114 colorbox-12452\" src=\"https:\/\/alainlarivierephoto.com\/wp-content\/uploads\/2018\/05\/Th\u00e9\u00e2tre-dOrl\u00e9ans-de-nuit-03E-1280x828.jpg\" alt=\"Th\u00e9\u00e2tre d'Orl\u00e9ans de nuit -3-\" width=\"1280\" height=\"828\" srcset=\"https:\/\/alainlarivierephoto.com\/wp-content\/uploads\/2018\/05\/Th\u00e9\u00e2tre-dOrl\u00e9ans-de-nuit-03E.jpg 1280w, https:\/\/alainlarivierephoto.com\/wp-content\/uploads\/2018\/05\/Th\u00e9\u00e2tre-dOrl\u00e9ans-de-nuit-03E-180x116.jpg 180w, https:\/\/alainlarivierephoto.com\/wp-content\/uploads\/2018\/05\/Th\u00e9\u00e2tre-dOrl\u00e9ans-de-nuit-03E-300x194.jpg 300w, https:\/\/alainlarivierephoto.com\/wp-content\/uploads\/2018\/05\/Th\u00e9\u00e2tre-dOrl\u00e9ans-de-nuit-03E-768x497.jpg 768w\" sizes=\"auto, (max-width: 1280px) 100vw, 1280px\" \/><\/a><p id=\"caption-attachment-12114\" class=\"wp-caption-text\">Th\u00e9\u00e2tre d&rsquo;Orl\u00e9ans de nuit<\/p><\/div>\n","protected":false},"excerpt":{"rendered":"","protected":false},"author":1,"featured_media":0,"comment_status":"open","ping_status":"open","sticky":false,"template":"","format":"standard","meta":{"footnotes":"","_links_to":"","_links_to_target":""},"categories":[5],"tags":[840,741,323],"class_list":["post-12452","post","type-post","status-publish","format-standard","hentry","category-ambiances-nocturnes","tag-ambiance-nocturne","tag-reflet","tag-tunnel"],"_links":{"self":[{"href":"https:\/\/alainlarivierephoto.com\/index.php?rest_route=\/wp\/v2\/posts\/12452","targetHints":{"allow":["GET"]}}],"collection":[{"href":"https:\/\/alainlarivierephoto.com\/index.php?rest_route=\/wp\/v2\/posts"}],"about":[{"href":"https:\/\/alainlarivierephoto.com\/index.php?rest_route=\/wp\/v2\/types\/post"}],"author":[{"embeddable":true,"href":"https:\/\/alainlarivierephoto.com\/index.php?rest_route=\/wp\/v2\/users\/1"}],"replies":[{"embeddable":true,"href":"https:\/\/alainlarivierephoto.com\/index.php?rest_route=%2Fwp%2Fv2%2Fcomments&post=12452"}],"version-history":[{"count":2,"href":"https:\/\/alainlarivierephoto.com\/index.php?rest_route=\/wp\/v2\/posts\/12452\/revisions"}],"predecessor-version":[{"id":12454,"href":"https:\/\/alainlarivierephoto.com\/index.php?rest_route=\/wp\/v2\/posts\/12452\/revisions\/12454"}],"wp:attachment":[{"href":"https:\/\/alainlarivierephoto.com\/index.php?rest_route=%2Fwp%2Fv2%2Fmedia&parent=12452"}],"wp:term":[{"taxonomy":"category","embeddable":true,"href":"https:\/\/alainlarivierephoto.com\/index.php?rest_route=%2Fwp%2Fv2%2Fcategories&post=12452"},{"taxonomy":"post_tag","embeddable":true,"href":"https:\/\/alainlarivierephoto.com\/index.php?rest_route=%2Fwp%2Fv2%2Ftags&post=12452"}],"curies":[{"name":"wp","href":"https:\/\/api.w.org\/{rel}","templated":true}]}}