{"id":12331,"date":"2018-07-03T00:05:16","date_gmt":"2018-07-02T22:05:16","guid":{"rendered":"https:\/\/alainlarivierephoto.com\/?p=12331"},"modified":"2018-05-19T19:25:16","modified_gmt":"2018-05-19T17:25:16","slug":"jumelles-virtuelles-2","status":"publish","type":"post","link":"https:\/\/alainlarivierephoto.com\/?p=12331","title":{"rendered":"Jumelles virtuelles"},"content":{"rendered":"<div id=\"attachment_12045\" style=\"width: 1290px\" class=\"wp-caption aligncenter\"><a href=\"https:\/\/alainlarivierephoto.com\/wp-content\/uploads\/2018\/05\/Jumelles-01EB.jpg\"><img loading=\"lazy\" decoding=\"async\" aria-describedby=\"caption-attachment-12045\" class=\"size-large wp-image-12045 colorbox-12331\" src=\"https:\/\/alainlarivierephoto.com\/wp-content\/uploads\/2018\/05\/Jumelles-01EB-1280x1107.jpg\" alt=\"Jumelles -2-\" width=\"1280\" height=\"1107\" srcset=\"https:\/\/alainlarivierephoto.com\/wp-content\/uploads\/2018\/05\/Jumelles-01EB.jpg 1280w, https:\/\/alainlarivierephoto.com\/wp-content\/uploads\/2018\/05\/Jumelles-01EB-180x156.jpg 180w, https:\/\/alainlarivierephoto.com\/wp-content\/uploads\/2018\/05\/Jumelles-01EB-300x259.jpg 300w, https:\/\/alainlarivierephoto.com\/wp-content\/uploads\/2018\/05\/Jumelles-01EB-768x664.jpg 768w\" sizes=\"auto, (max-width: 1280px) 100vw, 1280px\" \/><\/a><p id=\"caption-attachment-12045\" class=\"wp-caption-text\">Jumelles virtuelles<\/p><\/div>\n<p>&nbsp;<\/p>\n<p>Prise de vue r\u00e9alis\u00e9e au ch\u00e2teau de Chambord en 2007. Vanessa \u00e9tait mon mod\u00e8le cette ann\u00e9e l\u00e0, ainsi qu&rsquo;en 2011.<\/p>\n","protected":false},"excerpt":{"rendered":"<p>&nbsp; Prise de vue r\u00e9alis\u00e9e au ch\u00e2teau de Chambord en 2007. Vanessa \u00e9tait mon mod\u00e8le cette ann\u00e9e l\u00e0, ainsi qu&rsquo;en 2011.<\/p>\n","protected":false},"author":1,"featured_media":0,"comment_status":"open","ping_status":"open","sticky":false,"template":"","format":"standard","meta":{"footnotes":"","_links_to":"","_links_to_target":""},"categories":[40],"tags":[287,756],"class_list":["post-12331","post","type-post","status-publish","format-standard","hentry","category-personnages","tag-jumelle","tag-modele"],"_links":{"self":[{"href":"https:\/\/alainlarivierephoto.com\/index.php?rest_route=\/wp\/v2\/posts\/12331","targetHints":{"allow":["GET"]}}],"collection":[{"href":"https:\/\/alainlarivierephoto.com\/index.php?rest_route=\/wp\/v2\/posts"}],"about":[{"href":"https:\/\/alainlarivierephoto.com\/index.php?rest_route=\/wp\/v2\/types\/post"}],"author":[{"embeddable":true,"href":"https:\/\/alainlarivierephoto.com\/index.php?rest_route=\/wp\/v2\/users\/1"}],"replies":[{"embeddable":true,"href":"https:\/\/alainlarivierephoto.com\/index.php?rest_route=%2Fwp%2Fv2%2Fcomments&post=12331"}],"version-history":[{"count":2,"href":"https:\/\/alainlarivierephoto.com\/index.php?rest_route=\/wp\/v2\/posts\/12331\/revisions"}],"predecessor-version":[{"id":12333,"href":"https:\/\/alainlarivierephoto.com\/index.php?rest_route=\/wp\/v2\/posts\/12331\/revisions\/12333"}],"wp:attachment":[{"href":"https:\/\/alainlarivierephoto.com\/index.php?rest_route=%2Fwp%2Fv2%2Fmedia&parent=12331"}],"wp:term":[{"taxonomy":"category","embeddable":true,"href":"https:\/\/alainlarivierephoto.com\/index.php?rest_route=%2Fwp%2Fv2%2Fcategories&post=12331"},{"taxonomy":"post_tag","embeddable":true,"href":"https:\/\/alainlarivierephoto.com\/index.php?rest_route=%2Fwp%2Fv2%2Ftags&post=12331"}],"curies":[{"name":"wp","href":"https:\/\/api.w.org\/{rel}","templated":true}]}}