{"id":12328,"date":"2018-07-02T00:05:25","date_gmt":"2018-07-01T22:05:25","guid":{"rendered":"https:\/\/alainlarivierephoto.com\/?p=12328"},"modified":"2018-05-19T19:22:04","modified_gmt":"2018-05-19T17:22:04","slug":"filets-lumineux-7s","status":"publish","type":"post","link":"https:\/\/alainlarivierephoto.com\/?p=12328","title":{"rendered":"Filets lumineux"},"content":{"rendered":"<div id=\"attachment_12024\" style=\"width: 1290px\" class=\"wp-caption aligncenter\"><a href=\"https:\/\/alainlarivierephoto.com\/wp-content\/uploads\/2018\/05\/Filets-lumineux-07ESR.jpg\"><img loading=\"lazy\" decoding=\"async\" aria-describedby=\"caption-attachment-12024\" class=\"size-large wp-image-12024 colorbox-12328\" src=\"https:\/\/alainlarivierephoto.com\/wp-content\/uploads\/2018\/05\/Filets-lumineux-07ESR-1280x509.jpg\" alt=\"Filets lumineux -7S-\" width=\"1280\" height=\"509\" srcset=\"https:\/\/alainlarivierephoto.com\/wp-content\/uploads\/2018\/05\/Filets-lumineux-07ESR.jpg 1280w, https:\/\/alainlarivierephoto.com\/wp-content\/uploads\/2018\/05\/Filets-lumineux-07ESR-180x72.jpg 180w, https:\/\/alainlarivierephoto.com\/wp-content\/uploads\/2018\/05\/Filets-lumineux-07ESR-300x119.jpg 300w, https:\/\/alainlarivierephoto.com\/wp-content\/uploads\/2018\/05\/Filets-lumineux-07ESR-768x305.jpg 768w\" sizes=\"auto, (max-width: 1280px) 100vw, 1280px\" \/><\/a><p id=\"caption-attachment-12024\" class=\"wp-caption-text\">Filets lumineux -7S-<\/p><\/div>\n<p>&nbsp;<\/p>\n<p style=\"text-align: justify;\">La s\u00e9rie \u00ab Filets lumineux \u00bb a \u00e9t\u00e9 r\u00e9alis\u00e9e \u00e0 Paris le 8 d\u00e9cembre 1990, place de la Concorde, \u00e0 la Madeleine (\u00e9glise) et place de l\u2019Arc de Triomphe. Effets de zooms, de rotations et de d\u00e9placements al\u00e9atoires en pose longue, l\u2019appareil sur pied. Les diapositives, de la Kodachrome 64 ISO, ont \u00e9t\u00e9 scann\u00e9es, puis retravaill\u00e9es par ordinateur.<\/p>\n","protected":false},"excerpt":{"rendered":"<p>&nbsp; La s\u00e9rie \u00ab Filets lumineux \u00bb a \u00e9t\u00e9 r\u00e9alis\u00e9e \u00e0 Paris le 8 d\u00e9cembre 1990, place de la Concorde, \u00e0 la Madeleine (\u00e9glise) et place de l\u2019Arc de Triomphe. Effets de zooms, de rotations et de d\u00e9placements al\u00e9atoires en pose longue, l\u2019appareil sur pied. Les diapositives, de la Kodachrome 64 ISO, ont \u00e9t\u00e9 scann\u00e9es, [&hellip;]<\/p>\n","protected":false},"author":1,"featured_media":0,"comment_status":"open","ping_status":"open","sticky":false,"template":"","format":"standard","meta":{"footnotes":"","_links_to":"","_links_to_target":""},"categories":[5,391],"tags":[752,734],"class_list":["post-12328","post","type-post","status-publish","format-standard","hentry","category-ambiances-nocturnes","category-graphisme","tag-graphisme","tag-lumiere"],"_links":{"self":[{"href":"https:\/\/alainlarivierephoto.com\/index.php?rest_route=\/wp\/v2\/posts\/12328","targetHints":{"allow":["GET"]}}],"collection":[{"href":"https:\/\/alainlarivierephoto.com\/index.php?rest_route=\/wp\/v2\/posts"}],"about":[{"href":"https:\/\/alainlarivierephoto.com\/index.php?rest_route=\/wp\/v2\/types\/post"}],"author":[{"embeddable":true,"href":"https:\/\/alainlarivierephoto.com\/index.php?rest_route=\/wp\/v2\/users\/1"}],"replies":[{"embeddable":true,"href":"https:\/\/alainlarivierephoto.com\/index.php?rest_route=%2Fwp%2Fv2%2Fcomments&post=12328"}],"version-history":[{"count":2,"href":"https:\/\/alainlarivierephoto.com\/index.php?rest_route=\/wp\/v2\/posts\/12328\/revisions"}],"predecessor-version":[{"id":12330,"href":"https:\/\/alainlarivierephoto.com\/index.php?rest_route=\/wp\/v2\/posts\/12328\/revisions\/12330"}],"wp:attachment":[{"href":"https:\/\/alainlarivierephoto.com\/index.php?rest_route=%2Fwp%2Fv2%2Fmedia&parent=12328"}],"wp:term":[{"taxonomy":"category","embeddable":true,"href":"https:\/\/alainlarivierephoto.com\/index.php?rest_route=%2Fwp%2Fv2%2Fcategories&post=12328"},{"taxonomy":"post_tag","embeddable":true,"href":"https:\/\/alainlarivierephoto.com\/index.php?rest_route=%2Fwp%2Fv2%2Ftags&post=12328"}],"curies":[{"name":"wp","href":"https:\/\/api.w.org\/{rel}","templated":true}]}}