{"id":12271,"date":"2018-06-14T00:05:16","date_gmt":"2018-06-13T22:05:16","guid":{"rendered":"https:\/\/alainlarivierephoto.com\/?p=12271"},"modified":"2018-05-18T22:27:52","modified_gmt":"2018-05-18T20:27:52","slug":"papaver-rhoeas-le-coquelicot-39","status":"publish","type":"post","link":"https:\/\/alainlarivierephoto.com\/?p=12271","title":{"rendered":"Papaver rhoeas, le Coquelicot"},"content":{"rendered":"<div id=\"attachment_11263\" style=\"width: 1290px\" class=\"wp-caption aligncenter\"><a href=\"https:\/\/alainlarivierephoto.com\/wp-content\/uploads\/2018\/03\/Papaver-rhoeas-106E.jpg\"><img loading=\"lazy\" decoding=\"async\" aria-describedby=\"caption-attachment-11263\" class=\"size-large wp-image-11263 colorbox-12271\" src=\"https:\/\/alainlarivierephoto.com\/wp-content\/uploads\/2018\/03\/Papaver-rhoeas-106E-1280x854.jpg\" alt=\"Papaver rhoeas, le Coquelicot -39-\" width=\"1280\" height=\"854\" srcset=\"https:\/\/alainlarivierephoto.com\/wp-content\/uploads\/2018\/03\/Papaver-rhoeas-106E.jpg 1280w, https:\/\/alainlarivierephoto.com\/wp-content\/uploads\/2018\/03\/Papaver-rhoeas-106E-180x120.jpg 180w, https:\/\/alainlarivierephoto.com\/wp-content\/uploads\/2018\/03\/Papaver-rhoeas-106E-300x200.jpg 300w, https:\/\/alainlarivierephoto.com\/wp-content\/uploads\/2018\/03\/Papaver-rhoeas-106E-768x512.jpg 768w\" sizes=\"auto, (max-width: 1280px) 100vw, 1280px\" \/><\/a><p id=\"caption-attachment-11263\" class=\"wp-caption-text\">Papaver rhoeas, le Coquelicot<\/p><\/div>\n<p>&nbsp;<\/p>\n<p>R\u00e8gne\u00a0: Plantae.<br \/>\nSous-r\u00e8gne\u00a0: Tracheobionta.<br \/>\nDivision\u00a0: Magnoliophyta.<br \/>\nClasse\u00a0: Magnoliopsida.<br \/>\nSous-classe\u00a0: Magnoliidae.<br \/>\nOrdre\u00a0: Papaverales.<br \/>\nFamille\u00a0: Papaveraceae.<br \/>\nGenre\u00a0: <em>Papaver<\/em>.<\/p>\n<p>Nom scientifique : <em>Papaver rhoeas<\/em> Linn\u00e9, 1753.<br \/>\nNom(s) commun(s) : Coquelicot\u00a0; Ponceau\u00a0; Pavot coquelicot\u00a0; Pavot rouge.<\/p>\n<p style=\"text-align: justify;\">Le Coquelicot (<em>Papaver rhoeas<\/em>) est une plante annuelle de la famille des Papav\u00e9rac\u00e9es (Papaveraceae).<br \/>\nC&rsquo;est une plante de taille moyenne, duveteuse, avec des tiges rugueuses souvent ramifi\u00e9es. Les fleurs, de 7 \u00e0 10 cm de diam\u00e8tre, sont \u00e9carlates avec une tache noire au centre et des anth\u00e8res bleu\u00e2tres.<br \/>\nLes feuilles, g\u00e9n\u00e9ralement sessiles et alternes sont d\u00e9coup\u00e9es en lobes \u00e9troits et dent\u00e9s. Les fleurs comportent quatre p\u00e9tales un peu froiss\u00e9s qui se recouvrent peu. Leurs nombreuses \u00e9tamines ont des anth\u00e8res noir bleut\u00e9. Les fruits (\u00e0 ne pas confondre avec les fleurs en boutons) sont des capsules glabres contenant une grande quantit\u00e9 de graines.<br \/>\nSont tr\u00e8s proches du Coquelicot et souvent confondues avec lui deux esp\u00e8ces de Pavots, <em>P. dubium<\/em>, ou Pavot douteux, aux fleurs plus claires, aux \u00e9tamines jaunes et aux capsules glabres allong\u00e9es, et <em>P. hybridum<\/em> (Pavot hybride), dont les p\u00e9tales sont fonc\u00e9s et surtout les capsules sont ovales, globuleuses et deux fois plus longues que larges, \u00e0 poils raides jaunes et denses pour certains, \u00e9tal\u00e9s et arqu\u00e9s pour d&rsquo;autres (les taches noires \u00e0 la base des p\u00e9tales ne sont pas caract\u00e9ristiques du Pavot hybride). Autre esp\u00e8ce voisine, <em>P. argemone<\/em> (Pavot arg\u00e9mone), de petite taille et dont les p\u00e9tales ne se chevauchent pas.<br \/>\nLe sommet du fruit du coquelicot est perc\u00e9 d&rsquo;une s\u00e9rie d&rsquo;ouvertures par lesquelles s&rsquo;\u00e9chappent les graines, comme les grains de sel hors de la sali\u00e8re \u00e0 couvercle perfor\u00e9.<br \/>\nLorsqu&rsquo;on la coupe, elle laisse \u00e9chapper un suc laiteux, comme les autres pavots.<br \/>\nPlante messicole que les herbicides ont chass\u00e9, elle revient depuis quelques ann\u00e9es avec la limitation des traitements.<br \/>\nOn rencontre cette esp\u00e8ce, en grand nombre, dans les terrains cultiv\u00e9s (champs de C\u00e9r\u00e9ales) ou en friches, les bords des routes.<\/p>\n","protected":false},"excerpt":{"rendered":"<p>&nbsp; R\u00e8gne\u00a0: Plantae. Sous-r\u00e8gne\u00a0: Tracheobionta. Division\u00a0: Magnoliophyta. Classe\u00a0: Magnoliopsida. Sous-classe\u00a0: Magnoliidae. Ordre\u00a0: Papaverales. Famille\u00a0: Papaveraceae. Genre\u00a0: Papaver. Nom scientifique : Papaver rhoeas Linn\u00e9, 1753. Nom(s) commun(s) : Coquelicot\u00a0; Ponceau\u00a0; Pavot coquelicot\u00a0; Pavot rouge. Le Coquelicot (Papaver rhoeas) est une plante annuelle de la famille des Papav\u00e9rac\u00e9es (Papaveraceae). C&rsquo;est une plante de taille moyenne, duveteuse, avec [&hellip;]<\/p>\n","protected":false},"author":1,"featured_media":0,"comment_status":"open","ping_status":"open","sticky":false,"template":"","format":"standard","meta":{"footnotes":"","_links_to":"","_links_to_target":""},"categories":[15,14],"tags":[451,215,738,214,452,216,906,512],"class_list":["post-12271","post","type-post","status-publish","format-standard","hentry","category-au-coeur-des-fleurs","category-flore","tag-annuelle","tag-coquelicot","tag-fleur","tag-papaver-rhoeas","tag-papaveraceae","tag-papaveracee","tag-plantae","tag-plante"],"_links":{"self":[{"href":"https:\/\/alainlarivierephoto.com\/index.php?rest_route=\/wp\/v2\/posts\/12271","targetHints":{"allow":["GET"]}}],"collection":[{"href":"https:\/\/alainlarivierephoto.com\/index.php?rest_route=\/wp\/v2\/posts"}],"about":[{"href":"https:\/\/alainlarivierephoto.com\/index.php?rest_route=\/wp\/v2\/types\/post"}],"author":[{"embeddable":true,"href":"https:\/\/alainlarivierephoto.com\/index.php?rest_route=\/wp\/v2\/users\/1"}],"replies":[{"embeddable":true,"href":"https:\/\/alainlarivierephoto.com\/index.php?rest_route=%2Fwp%2Fv2%2Fcomments&post=12271"}],"version-history":[{"count":1,"href":"https:\/\/alainlarivierephoto.com\/index.php?rest_route=\/wp\/v2\/posts\/12271\/revisions"}],"predecessor-version":[{"id":12272,"href":"https:\/\/alainlarivierephoto.com\/index.php?rest_route=\/wp\/v2\/posts\/12271\/revisions\/12272"}],"wp:attachment":[{"href":"https:\/\/alainlarivierephoto.com\/index.php?rest_route=%2Fwp%2Fv2%2Fmedia&parent=12271"}],"wp:term":[{"taxonomy":"category","embeddable":true,"href":"https:\/\/alainlarivierephoto.com\/index.php?rest_route=%2Fwp%2Fv2%2Fcategories&post=12271"},{"taxonomy":"post_tag","embeddable":true,"href":"https:\/\/alainlarivierephoto.com\/index.php?rest_route=%2Fwp%2Fv2%2Ftags&post=12271"}],"curies":[{"name":"wp","href":"https:\/\/api.w.org\/{rel}","templated":true}]}}