{"id":12225,"date":"2018-05-31T00:05:20","date_gmt":"2018-05-30T22:05:20","guid":{"rendered":"https:\/\/alainlarivierephoto.com\/?p=12225"},"modified":"2018-05-15T09:49:56","modified_gmt":"2018-05-15T07:49:56","slug":"vanessa-en-studio-en-2011-23c","status":"publish","type":"post","link":"https:\/\/alainlarivierephoto.com\/?p=12225","title":{"rendered":"Vanessa en studio en 2011"},"content":{"rendered":"<div id=\"attachment_11498\" style=\"width: 862px\" class=\"wp-caption aligncenter\"><a href=\"https:\/\/alainlarivierephoto.com\/wp-content\/uploads\/2018\/05\/Vanessa-23E.jpg\"><img loading=\"lazy\" decoding=\"async\" aria-describedby=\"caption-attachment-11498\" class=\"size-large wp-image-11498 colorbox-12225\" src=\"https:\/\/alainlarivierephoto.com\/wp-content\/uploads\/2018\/05\/Vanessa-23E-852x1280.jpg\" alt=\"Vanessa en studio 06-02-2011 -23C-\" width=\"852\" height=\"1280\" srcset=\"https:\/\/alainlarivierephoto.com\/wp-content\/uploads\/2018\/05\/Vanessa-23E.jpg 852w, https:\/\/alainlarivierephoto.com\/wp-content\/uploads\/2018\/05\/Vanessa-23E-120x180.jpg 120w, https:\/\/alainlarivierephoto.com\/wp-content\/uploads\/2018\/05\/Vanessa-23E-200x300.jpg 200w, https:\/\/alainlarivierephoto.com\/wp-content\/uploads\/2018\/05\/Vanessa-23E-768x1154.jpg 768w\" sizes=\"auto, (max-width: 852px) 100vw, 852px\" \/><\/a><p id=\"caption-attachment-11498\" class=\"wp-caption-text\">Vanessa en studio en 2011<\/p><\/div>\n<p>&nbsp;<\/p>\n<p style=\"text-align: justify;\">Studio du Bourdon Blanc Orl\u00e9ans 45000, le 6 f\u00e9vrier 2011. Encadrement de la prise de vue : G\u00e9rard Chesneau et Jean-Michel Blin, photographes de mode, beaut\u00e9, charme et nu. Make-up Tiffany. Mod\u00e8le Vanessa Chaussadas.<br \/>\nPhotographies \u00a9 2011 Alain Larivi\u00e8re.<\/p>\n","protected":false},"excerpt":{"rendered":"<p>&nbsp; Studio du Bourdon Blanc Orl\u00e9ans 45000, le 6 f\u00e9vrier 2011. Encadrement de la prise de vue : G\u00e9rard Chesneau et Jean-Michel Blin, photographes de mode, beaut\u00e9, charme et nu. Make-up Tiffany. Mod\u00e8le Vanessa Chaussadas. Photographies \u00a9 2011 Alain Larivi\u00e8re.<\/p>\n","protected":false},"author":1,"featured_media":0,"comment_status":"open","ping_status":"open","sticky":false,"template":"","format":"standard","meta":{"footnotes":"","_links_to":"","_links_to_target":""},"categories":[40],"tags":[760,940],"class_list":["post-12225","post","type-post","status-publish","format-standard","hentry","category-personnages","tag-portrait","tag-vanessa"],"_links":{"self":[{"href":"https:\/\/alainlarivierephoto.com\/index.php?rest_route=\/wp\/v2\/posts\/12225","targetHints":{"allow":["GET"]}}],"collection":[{"href":"https:\/\/alainlarivierephoto.com\/index.php?rest_route=\/wp\/v2\/posts"}],"about":[{"href":"https:\/\/alainlarivierephoto.com\/index.php?rest_route=\/wp\/v2\/types\/post"}],"author":[{"embeddable":true,"href":"https:\/\/alainlarivierephoto.com\/index.php?rest_route=\/wp\/v2\/users\/1"}],"replies":[{"embeddable":true,"href":"https:\/\/alainlarivierephoto.com\/index.php?rest_route=%2Fwp%2Fv2%2Fcomments&post=12225"}],"version-history":[{"count":1,"href":"https:\/\/alainlarivierephoto.com\/index.php?rest_route=\/wp\/v2\/posts\/12225\/revisions"}],"predecessor-version":[{"id":12226,"href":"https:\/\/alainlarivierephoto.com\/index.php?rest_route=\/wp\/v2\/posts\/12225\/revisions\/12226"}],"wp:attachment":[{"href":"https:\/\/alainlarivierephoto.com\/index.php?rest_route=%2Fwp%2Fv2%2Fmedia&parent=12225"}],"wp:term":[{"taxonomy":"category","embeddable":true,"href":"https:\/\/alainlarivierephoto.com\/index.php?rest_route=%2Fwp%2Fv2%2Fcategories&post=12225"},{"taxonomy":"post_tag","embeddable":true,"href":"https:\/\/alainlarivierephoto.com\/index.php?rest_route=%2Fwp%2Fv2%2Ftags&post=12225"}],"curies":[{"name":"wp","href":"https:\/\/api.w.org\/{rel}","templated":true}]}}