{"id":12212,"date":"2018-05-27T00:05:51","date_gmt":"2018-05-26T22:05:51","guid":{"rendered":"https:\/\/alainlarivierephoto.com\/?p=12212"},"modified":"2018-05-14T17:25:42","modified_gmt":"2018-05-14T15:25:42","slug":"vanessa-en-studio-en-2011-19c","status":"publish","type":"post","link":"https:\/\/alainlarivierephoto.com\/?p=12212","title":{"rendered":"Vanessa en studio en 2011"},"content":{"rendered":"<div id=\"attachment_11490\" style=\"width: 862px\" class=\"wp-caption aligncenter\"><a href=\"https:\/\/alainlarivierephoto.com\/wp-content\/uploads\/2018\/05\/Vanessa-19E.jpg\"><img loading=\"lazy\" decoding=\"async\" aria-describedby=\"caption-attachment-11490\" class=\"size-large wp-image-11490 colorbox-12212\" src=\"https:\/\/alainlarivierephoto.com\/wp-content\/uploads\/2018\/05\/Vanessa-19E-852x1280.jpg\" alt=\"Vanessa en studio 06-02-2011 -19C-\" width=\"852\" height=\"1280\" srcset=\"https:\/\/alainlarivierephoto.com\/wp-content\/uploads\/2018\/05\/Vanessa-19E.jpg 852w, https:\/\/alainlarivierephoto.com\/wp-content\/uploads\/2018\/05\/Vanessa-19E-120x180.jpg 120w, https:\/\/alainlarivierephoto.com\/wp-content\/uploads\/2018\/05\/Vanessa-19E-200x300.jpg 200w, https:\/\/alainlarivierephoto.com\/wp-content\/uploads\/2018\/05\/Vanessa-19E-768x1154.jpg 768w\" sizes=\"auto, (max-width: 852px) 100vw, 852px\" \/><\/a><p id=\"caption-attachment-11490\" class=\"wp-caption-text\">Vanessa en studio en 2011<\/p><\/div>\n<p>&nbsp;<\/p>\n<p style=\"text-align: justify;\">Studio du Bourdon Blanc Orl\u00e9ans 45000, le 6 f\u00e9vrier 2011. Encadrement de la prise de vue : G\u00e9rard Chesneau et Jean-Michel Blin, photographes de mode, beaut\u00e9, charme et nu. Make-up Tiffany. Mod\u00e8le Vanessa Chaussadas.<br \/>\nPhotographies \u00a9 2011 Alain Larivi\u00e8re.<\/p>\n","protected":false},"excerpt":{"rendered":"<p>&nbsp; Studio du Bourdon Blanc Orl\u00e9ans 45000, le 6 f\u00e9vrier 2011. Encadrement de la prise de vue : G\u00e9rard Chesneau et Jean-Michel Blin, photographes de mode, beaut\u00e9, charme et nu. Make-up Tiffany. Mod\u00e8le Vanessa Chaussadas. Photographies \u00a9 2011 Alain Larivi\u00e8re.<\/p>\n","protected":false},"author":1,"featured_media":0,"comment_status":"open","ping_status":"open","sticky":false,"template":"","format":"standard","meta":{"footnotes":"","_links_to":"","_links_to_target":""},"categories":[40],"tags":[760,940],"class_list":["post-12212","post","type-post","status-publish","format-standard","hentry","category-personnages","tag-portrait","tag-vanessa"],"_links":{"self":[{"href":"https:\/\/alainlarivierephoto.com\/index.php?rest_route=\/wp\/v2\/posts\/12212","targetHints":{"allow":["GET"]}}],"collection":[{"href":"https:\/\/alainlarivierephoto.com\/index.php?rest_route=\/wp\/v2\/posts"}],"about":[{"href":"https:\/\/alainlarivierephoto.com\/index.php?rest_route=\/wp\/v2\/types\/post"}],"author":[{"embeddable":true,"href":"https:\/\/alainlarivierephoto.com\/index.php?rest_route=\/wp\/v2\/users\/1"}],"replies":[{"embeddable":true,"href":"https:\/\/alainlarivierephoto.com\/index.php?rest_route=%2Fwp%2Fv2%2Fcomments&post=12212"}],"version-history":[{"count":2,"href":"https:\/\/alainlarivierephoto.com\/index.php?rest_route=\/wp\/v2\/posts\/12212\/revisions"}],"predecessor-version":[{"id":12214,"href":"https:\/\/alainlarivierephoto.com\/index.php?rest_route=\/wp\/v2\/posts\/12212\/revisions\/12214"}],"wp:attachment":[{"href":"https:\/\/alainlarivierephoto.com\/index.php?rest_route=%2Fwp%2Fv2%2Fmedia&parent=12212"}],"wp:term":[{"taxonomy":"category","embeddable":true,"href":"https:\/\/alainlarivierephoto.com\/index.php?rest_route=%2Fwp%2Fv2%2Fcategories&post=12212"},{"taxonomy":"post_tag","embeddable":true,"href":"https:\/\/alainlarivierephoto.com\/index.php?rest_route=%2Fwp%2Fv2%2Ftags&post=12212"}],"curies":[{"name":"wp","href":"https:\/\/api.w.org\/{rel}","templated":true}]}}