{"id":11147,"date":"2018-03-08T00:05:26","date_gmt":"2018-03-07T23:05:26","guid":{"rendered":"https:\/\/alainlarivierephoto.com\/?p=11147"},"modified":"2018-03-02T10:11:46","modified_gmt":"2018-03-02T09:11:46","slug":"crepi-mordant-12","status":"publish","type":"post","link":"https:\/\/alainlarivierephoto.com\/?p=11147","title":{"rendered":"Cr\u00e9pi mordant"},"content":{"rendered":"<div id=\"attachment_11079\" style=\"width: 1290px\" class=\"wp-caption aligncenter\"><a href=\"https:\/\/alainlarivierephoto.com\/wp-content\/uploads\/2018\/02\/Cr\u00e9pi-mordant-03dE.jpg\"><img loading=\"lazy\" decoding=\"async\" aria-describedby=\"caption-attachment-11079\" class=\"size-large wp-image-11079 colorbox-11147\" src=\"https:\/\/alainlarivierephoto.com\/wp-content\/uploads\/2018\/02\/Cr\u00e9pi-mordant-03dE-1280x852.jpg\" alt=\"Cr\u00e9pi mordant -12-\" width=\"1280\" height=\"852\" srcset=\"https:\/\/alainlarivierephoto.com\/wp-content\/uploads\/2018\/02\/Cr\u00e9pi-mordant-03dE.jpg 1280w, https:\/\/alainlarivierephoto.com\/wp-content\/uploads\/2018\/02\/Cr\u00e9pi-mordant-03dE-180x120.jpg 180w, https:\/\/alainlarivierephoto.com\/wp-content\/uploads\/2018\/02\/Cr\u00e9pi-mordant-03dE-300x200.jpg 300w, https:\/\/alainlarivierephoto.com\/wp-content\/uploads\/2018\/02\/Cr\u00e9pi-mordant-03dE-768x511.jpg 768w\" sizes=\"auto, (max-width: 1280px) 100vw, 1280px\" \/><\/a><p id=\"caption-attachment-11079\" class=\"wp-caption-text\">Cr\u00e9pi mordant<\/p><\/div>\n<p>&nbsp;<\/p>\n<p style=\"text-align: justify;\">Les photographies de cette s\u00e9rie [ici \u2018Cr\u00e9pi mordant\u2019] mettent en \u00e9vidence la formation de figures (dans l\u2019acception la plus large du mot) sur ou dans les murs, et en g\u00e9n\u00e9ral sur tous supports. Ces figures sont le plus souvent spontan\u00e9es. Elles apparaissent avec les intemp\u00e9ries et le temps qui passe. Parfois elles peuvent \u00eatre le fait des humains. Certaines s\u2019imposent imm\u00e9diatement \u00e0 nous ; pour d\u2019autres il nous faut aff\u00fbter notre regard afin de les rep\u00e9rer et de les traduire, aid\u00e9e par notre imagination, en une image lisible par tous. Les supports s\u2019alt\u00e8rent, se modifient. Certaines figures dureront dans le temps, d\u2019autres seront plus \u00e9ph\u00e9m\u00e8res. Le photographe devra \u00eatre pr\u00e9sent au bon moment : celui o\u00f9 la figure sera la plus lisible possible pour et dans l\u2019image.<\/p>\n","protected":false},"excerpt":{"rendered":"<p>&nbsp; Les photographies de cette s\u00e9rie [ici \u2018Cr\u00e9pi mordant\u2019] mettent en \u00e9vidence la formation de figures (dans l\u2019acception la plus large du mot) sur ou dans les murs, et en g\u00e9n\u00e9ral sur tous supports. Ces figures sont le plus souvent spontan\u00e9es. Elles apparaissent avec les intemp\u00e9ries et le temps qui passe. Parfois elles peuvent \u00eatre [&hellip;]<\/p>\n","protected":false},"author":1,"featured_media":0,"comment_status":"open","ping_status":"open","sticky":false,"template":"","format":"standard","meta":{"footnotes":"","_links_to":"","_links_to_target":""},"categories":[391,115,17,11],"tags":[909,735,752,771],"class_list":["post-11147","post","type-post","status-publish","format-standard","hentry","category-graphisme","category-humour","category-insolite","category-les-outrages-du-temps","tag-crepi-mordant","tag-figure","tag-graphisme","tag-mur"],"_links":{"self":[{"href":"https:\/\/alainlarivierephoto.com\/index.php?rest_route=\/wp\/v2\/posts\/11147","targetHints":{"allow":["GET"]}}],"collection":[{"href":"https:\/\/alainlarivierephoto.com\/index.php?rest_route=\/wp\/v2\/posts"}],"about":[{"href":"https:\/\/alainlarivierephoto.com\/index.php?rest_route=\/wp\/v2\/types\/post"}],"author":[{"embeddable":true,"href":"https:\/\/alainlarivierephoto.com\/index.php?rest_route=\/wp\/v2\/users\/1"}],"replies":[{"embeddable":true,"href":"https:\/\/alainlarivierephoto.com\/index.php?rest_route=%2Fwp%2Fv2%2Fcomments&post=11147"}],"version-history":[{"count":1,"href":"https:\/\/alainlarivierephoto.com\/index.php?rest_route=\/wp\/v2\/posts\/11147\/revisions"}],"predecessor-version":[{"id":11148,"href":"https:\/\/alainlarivierephoto.com\/index.php?rest_route=\/wp\/v2\/posts\/11147\/revisions\/11148"}],"wp:attachment":[{"href":"https:\/\/alainlarivierephoto.com\/index.php?rest_route=%2Fwp%2Fv2%2Fmedia&parent=11147"}],"wp:term":[{"taxonomy":"category","embeddable":true,"href":"https:\/\/alainlarivierephoto.com\/index.php?rest_route=%2Fwp%2Fv2%2Fcategories&post=11147"},{"taxonomy":"post_tag","embeddable":true,"href":"https:\/\/alainlarivierephoto.com\/index.php?rest_route=%2Fwp%2Fv2%2Ftags&post=11147"}],"curies":[{"name":"wp","href":"https:\/\/api.w.org\/{rel}","templated":true}]}}