{"id":11091,"date":"2018-02-19T00:05:50","date_gmt":"2018-02-18T23:05:50","guid":{"rendered":"https:\/\/alainlarivierephoto.com\/?p=11091"},"modified":"2018-02-16T17:19:55","modified_gmt":"2018-02-16T16:19:55","slug":"chatel-guyon-vu-du-calvaire-2","status":"publish","type":"post","link":"https:\/\/alainlarivierephoto.com\/?p=11091","title":{"rendered":"Ch\u00e2tel-Guyon vu du calvaire"},"content":{"rendered":"<div id=\"attachment_11043\" style=\"width: 1290px\" class=\"wp-caption aligncenter\"><a href=\"https:\/\/alainlarivierephoto.com\/wp-content\/uploads\/2018\/02\/Ch\u00e2tel-Guyon-vu-du-calvaire-50E.jpg\"><img loading=\"lazy\" decoding=\"async\" aria-describedby=\"caption-attachment-11043\" class=\"size-large wp-image-11043 colorbox-11091\" src=\"https:\/\/alainlarivierephoto.com\/wp-content\/uploads\/2018\/02\/Ch\u00e2tel-Guyon-vu-du-calvaire-50E-1280x850.jpg\" alt=\"Ch\u00e2tel-Guyon vu du calvaire -2-\" width=\"1280\" height=\"850\" srcset=\"https:\/\/alainlarivierephoto.com\/wp-content\/uploads\/2018\/02\/Ch\u00e2tel-Guyon-vu-du-calvaire-50E.jpg 1280w, https:\/\/alainlarivierephoto.com\/wp-content\/uploads\/2018\/02\/Ch\u00e2tel-Guyon-vu-du-calvaire-50E-180x120.jpg 180w, https:\/\/alainlarivierephoto.com\/wp-content\/uploads\/2018\/02\/Ch\u00e2tel-Guyon-vu-du-calvaire-50E-300x199.jpg 300w, https:\/\/alainlarivierephoto.com\/wp-content\/uploads\/2018\/02\/Ch\u00e2tel-Guyon-vu-du-calvaire-50E-768x510.jpg 768w\" sizes=\"auto, (max-width: 1280px) 100vw, 1280px\" \/><\/a><p id=\"caption-attachment-11043\" class=\"wp-caption-text\">Ch\u00e2tel-Guyon vu du calvaire<\/p><\/div>\n<p>&nbsp;<\/p>\n<p style=\"text-align: justify;\">Cette s\u00e9rie a \u00e9t\u00e9 r\u00e9alis\u00e9e \u00e0 Ch\u00e2tel-Guyon en septembre 2009 et 2010 avec des focales de 50, 105 et 300 mm, lors de quatre s\u00e9ances de prise de vues, de jour et de nuit. Elle permet d\u2019avoir un aper\u00e7u \u00e0 partir du calvaire dominant la commune, pratiquement sur 360\u00b0.<\/p>\n","protected":false},"excerpt":{"rendered":"<p>&nbsp; Cette s\u00e9rie a \u00e9t\u00e9 r\u00e9alis\u00e9e \u00e0 Ch\u00e2tel-Guyon en septembre 2009 et 2010 avec des focales de 50, 105 et 300 mm, lors de quatre s\u00e9ances de prise de vues, de jour et de nuit. Elle permet d\u2019avoir un aper\u00e7u \u00e0 partir du calvaire dominant la commune, pratiquement sur 360\u00b0.<\/p>\n","protected":false},"author":1,"featured_media":0,"comment_status":"open","ping_status":"open","sticky":false,"template":"","format":"standard","meta":{"footnotes":"","_links_to":"","_links_to_target":""},"categories":[5],"tags":[591,570],"class_list":["post-11091","post","type-post","status-publish","format-standard","hentry","category-ambiances-nocturnes","tag-chatel-guyon","tag-nocturne"],"_links":{"self":[{"href":"https:\/\/alainlarivierephoto.com\/index.php?rest_route=\/wp\/v2\/posts\/11091","targetHints":{"allow":["GET"]}}],"collection":[{"href":"https:\/\/alainlarivierephoto.com\/index.php?rest_route=\/wp\/v2\/posts"}],"about":[{"href":"https:\/\/alainlarivierephoto.com\/index.php?rest_route=\/wp\/v2\/types\/post"}],"author":[{"embeddable":true,"href":"https:\/\/alainlarivierephoto.com\/index.php?rest_route=\/wp\/v2\/users\/1"}],"replies":[{"embeddable":true,"href":"https:\/\/alainlarivierephoto.com\/index.php?rest_route=%2Fwp%2Fv2%2Fcomments&post=11091"}],"version-history":[{"count":2,"href":"https:\/\/alainlarivierephoto.com\/index.php?rest_route=\/wp\/v2\/posts\/11091\/revisions"}],"predecessor-version":[{"id":11093,"href":"https:\/\/alainlarivierephoto.com\/index.php?rest_route=\/wp\/v2\/posts\/11091\/revisions\/11093"}],"wp:attachment":[{"href":"https:\/\/alainlarivierephoto.com\/index.php?rest_route=%2Fwp%2Fv2%2Fmedia&parent=11091"}],"wp:term":[{"taxonomy":"category","embeddable":true,"href":"https:\/\/alainlarivierephoto.com\/index.php?rest_route=%2Fwp%2Fv2%2Fcategories&post=11091"},{"taxonomy":"post_tag","embeddable":true,"href":"https:\/\/alainlarivierephoto.com\/index.php?rest_route=%2Fwp%2Fv2%2Ftags&post=11091"}],"curies":[{"name":"wp","href":"https:\/\/api.w.org\/{rel}","templated":true}]}}