{"id":10958,"date":"2018-01-31T00:05:52","date_gmt":"2018-01-30T23:05:52","guid":{"rendered":"https:\/\/alainlarivierephoto.com\/?p=10958"},"modified":"2018-01-30T21:40:27","modified_gmt":"2018-01-30T20:40:27","slug":"la-maison-des-courants-dair-1","status":"publish","type":"post","link":"https:\/\/alainlarivierephoto.com\/?p=10958","title":{"rendered":"La maison des courants d&rsquo;air"},"content":{"rendered":"<div id=\"attachment_10957\" style=\"width: 861px\" class=\"wp-caption aligncenter\"><a href=\"https:\/\/alainlarivierephoto.com\/wp-content\/uploads\/2018\/01\/La-maison-des-courants-dair-01E.jpg\"><img loading=\"lazy\" decoding=\"async\" aria-describedby=\"caption-attachment-10957\" class=\"size-large wp-image-10957 colorbox-10958\" src=\"https:\/\/alainlarivierephoto.com\/wp-content\/uploads\/2018\/01\/La-maison-des-courants-dair-01E-851x1280.jpg\" alt=\"La maison des courants d'air -1-\" width=\"851\" height=\"1280\" srcset=\"https:\/\/alainlarivierephoto.com\/wp-content\/uploads\/2018\/01\/La-maison-des-courants-dair-01E.jpg 851w, https:\/\/alainlarivierephoto.com\/wp-content\/uploads\/2018\/01\/La-maison-des-courants-dair-01E-120x180.jpg 120w, https:\/\/alainlarivierephoto.com\/wp-content\/uploads\/2018\/01\/La-maison-des-courants-dair-01E-199x300.jpg 199w, https:\/\/alainlarivierephoto.com\/wp-content\/uploads\/2018\/01\/La-maison-des-courants-dair-01E-768x1155.jpg 768w\" sizes=\"auto, (max-width: 851px) 100vw, 851px\" \/><\/a><p id=\"caption-attachment-10957\" class=\"wp-caption-text\">La maison des courants d&rsquo;air<\/p><\/div>\n<p>&nbsp;<\/p>\n<p>La maison des courants d&rsquo;air<\/p>\n<p>Cette habitation d\u00e9labr\u00e9e, avec ses fen\u00eatres et sa porte ouvertes \u00e0 tout vent, a attir\u00e9 mon regard. Chaque ouverture laissait appara\u00eetre ce qui restait des vestiges de son int\u00e9rieur, en offrant un graphisme diff\u00e9rent suivant l\u2019implantation des pi\u00e8ces.<\/p>\n","protected":false},"excerpt":{"rendered":"<p>&nbsp; La maison des courants d&rsquo;air Cette habitation d\u00e9labr\u00e9e, avec ses fen\u00eatres et sa porte ouvertes \u00e0 tout vent, a attir\u00e9 mon regard. Chaque ouverture laissait appara\u00eetre ce qui restait des vestiges de son int\u00e9rieur, en offrant un graphisme diff\u00e9rent suivant l\u2019implantation des pi\u00e8ces.<\/p>\n","protected":false},"author":1,"featured_media":0,"comment_status":"open","ping_status":"open","sticky":false,"template":"","format":"standard","meta":{"footnotes":"","_links_to":"","_links_to_target":""},"categories":[687,17,636],"tags":[196,197],"class_list":["post-10958","post","type-post","status-publish","format-standard","hentry","category-architecture","category-insolite","category-paysages-urbains","tag-habitation","tag-maison"],"_links":{"self":[{"href":"https:\/\/alainlarivierephoto.com\/index.php?rest_route=\/wp\/v2\/posts\/10958","targetHints":{"allow":["GET"]}}],"collection":[{"href":"https:\/\/alainlarivierephoto.com\/index.php?rest_route=\/wp\/v2\/posts"}],"about":[{"href":"https:\/\/alainlarivierephoto.com\/index.php?rest_route=\/wp\/v2\/types\/post"}],"author":[{"embeddable":true,"href":"https:\/\/alainlarivierephoto.com\/index.php?rest_route=\/wp\/v2\/users\/1"}],"replies":[{"embeddable":true,"href":"https:\/\/alainlarivierephoto.com\/index.php?rest_route=%2Fwp%2Fv2%2Fcomments&post=10958"}],"version-history":[{"count":2,"href":"https:\/\/alainlarivierephoto.com\/index.php?rest_route=\/wp\/v2\/posts\/10958\/revisions"}],"predecessor-version":[{"id":10960,"href":"https:\/\/alainlarivierephoto.com\/index.php?rest_route=\/wp\/v2\/posts\/10958\/revisions\/10960"}],"wp:attachment":[{"href":"https:\/\/alainlarivierephoto.com\/index.php?rest_route=%2Fwp%2Fv2%2Fmedia&parent=10958"}],"wp:term":[{"taxonomy":"category","embeddable":true,"href":"https:\/\/alainlarivierephoto.com\/index.php?rest_route=%2Fwp%2Fv2%2Fcategories&post=10958"},{"taxonomy":"post_tag","embeddable":true,"href":"https:\/\/alainlarivierephoto.com\/index.php?rest_route=%2Fwp%2Fv2%2Ftags&post=10958"}],"curies":[{"name":"wp","href":"https:\/\/api.w.org\/{rel}","templated":true}]}}