{"id":10878,"date":"2018-01-10T00:05:17","date_gmt":"2018-01-09T23:05:17","guid":{"rendered":"https:\/\/alainlarivierephoto.com\/?p=10878"},"modified":"2018-01-08T09:24:12","modified_gmt":"2018-01-08T08:24:12","slug":"montgolfieres-36","status":"publish","type":"post","link":"https:\/\/alainlarivierephoto.com\/?p=10878","title":{"rendered":"Montgolfi\u00e8res"},"content":{"rendered":"<div id=\"attachment_10745\" style=\"width: 1290px\" class=\"wp-caption aligncenter\"><a href=\"https:\/\/alainlarivierephoto.com\/wp-content\/uploads\/2017\/12\/Montgolfi\u00e8res-34E.jpg\"><img loading=\"lazy\" decoding=\"async\" aria-describedby=\"caption-attachment-10745\" class=\"size-large wp-image-10745 colorbox-10878\" src=\"https:\/\/alainlarivierephoto.com\/wp-content\/uploads\/2017\/12\/Montgolfi\u00e8res-34E-1280x857.jpg\" alt=\"Championnat de France 2007 de Montgolfi\u00e8res -36-\" width=\"1280\" height=\"857\" srcset=\"https:\/\/alainlarivierephoto.com\/wp-content\/uploads\/2017\/12\/Montgolfi\u00e8res-34E.jpg 1280w, https:\/\/alainlarivierephoto.com\/wp-content\/uploads\/2017\/12\/Montgolfi\u00e8res-34E-180x121.jpg 180w, https:\/\/alainlarivierephoto.com\/wp-content\/uploads\/2017\/12\/Montgolfi\u00e8res-34E-300x201.jpg 300w, https:\/\/alainlarivierephoto.com\/wp-content\/uploads\/2017\/12\/Montgolfi\u00e8res-34E-768x514.jpg 768w\" sizes=\"auto, (max-width: 1280px) 100vw, 1280px\" \/><\/a><p id=\"caption-attachment-10745\" class=\"wp-caption-text\">Championnat de France 2007 de Montgolfi\u00e8res<\/p><\/div>\n<p>&nbsp;<\/p>\n<p>Champion de France 2007 de Montgolfi\u00e8res<\/p>\n<p style=\"text-align: justify;\">Les organisateurs du 33\u00e8me Championnat de France de montgolfi\u00e8res qui se d\u00e9roulait \u00e0 Saint-Yrieix-la-Perche (Haute-Vienne), du 11 au 16 Ao\u00fbt 2007, ont fait confiance \u00e0 VITOGAZ pour la fourniture du gaz propane n\u00e9cessaire pour faire voler les 85 ballons inscrits.<br \/>\n50 comp\u00e9titeurs tentaient de ravir le titre de Champion de France 2007.<br \/>\n35 montgolfi\u00e8res \u00e9voluaient en vols Fiesta.<br \/>\nLes vacanciers et les gens de passage dans la r\u00e9gion ont pu assister \u00e0 la f\u00e9erie des ballons dans le ciel et certains ont fait leur bapt\u00eame de l\u2019air.<\/p>\n","protected":false},"excerpt":{"rendered":"<p>&nbsp; Champion de France 2007 de Montgolfi\u00e8res Les organisateurs du 33\u00e8me Championnat de France de montgolfi\u00e8res qui se d\u00e9roulait \u00e0 Saint-Yrieix-la-Perche (Haute-Vienne), du 11 au 16 Ao\u00fbt 2007, ont fait confiance \u00e0 VITOGAZ pour la fourniture du gaz propane n\u00e9cessaire pour faire voler les 85 ballons inscrits. 50 comp\u00e9titeurs tentaient de ravir le titre de [&hellip;]<\/p>\n","protected":false},"author":1,"featured_media":0,"comment_status":"open","ping_status":"open","sticky":false,"template":"","format":"standard","meta":{"footnotes":"","_links_to":"","_links_to_target":""},"categories":[271],"tags":[184],"class_list":["post-10878","post","type-post","status-publish","format-standard","hentry","category-reportages","tag-montgolfiere"],"_links":{"self":[{"href":"https:\/\/alainlarivierephoto.com\/index.php?rest_route=\/wp\/v2\/posts\/10878","targetHints":{"allow":["GET"]}}],"collection":[{"href":"https:\/\/alainlarivierephoto.com\/index.php?rest_route=\/wp\/v2\/posts"}],"about":[{"href":"https:\/\/alainlarivierephoto.com\/index.php?rest_route=\/wp\/v2\/types\/post"}],"author":[{"embeddable":true,"href":"https:\/\/alainlarivierephoto.com\/index.php?rest_route=\/wp\/v2\/users\/1"}],"replies":[{"embeddable":true,"href":"https:\/\/alainlarivierephoto.com\/index.php?rest_route=%2Fwp%2Fv2%2Fcomments&post=10878"}],"version-history":[{"count":2,"href":"https:\/\/alainlarivierephoto.com\/index.php?rest_route=\/wp\/v2\/posts\/10878\/revisions"}],"predecessor-version":[{"id":10880,"href":"https:\/\/alainlarivierephoto.com\/index.php?rest_route=\/wp\/v2\/posts\/10878\/revisions\/10880"}],"wp:attachment":[{"href":"https:\/\/alainlarivierephoto.com\/index.php?rest_route=%2Fwp%2Fv2%2Fmedia&parent=10878"}],"wp:term":[{"taxonomy":"category","embeddable":true,"href":"https:\/\/alainlarivierephoto.com\/index.php?rest_route=%2Fwp%2Fv2%2Fcategories&post=10878"},{"taxonomy":"post_tag","embeddable":true,"href":"https:\/\/alainlarivierephoto.com\/index.php?rest_route=%2Fwp%2Fv2%2Ftags&post=10878"}],"curies":[{"name":"wp","href":"https:\/\/api.w.org\/{rel}","templated":true}]}}