{"id":10606,"date":"2017-12-04T00:05:07","date_gmt":"2017-12-03T23:05:07","guid":{"rendered":"https:\/\/alainlarivierephoto.com\/?p=10606"},"modified":"2020-11-11T14:34:03","modified_gmt":"2020-11-11T13:34:03","slug":"les-tombes-de-loubli-a-notre-inspecteur-primaire-qui-sen-est-alle-4","status":"publish","type":"post","link":"https:\/\/alainlarivierephoto.com\/?p=10606","title":{"rendered":"Les tombes de l&rsquo;oubli : A notre inspecteur primaire qui s&rsquo;en est all\u00e9"},"content":{"rendered":"<div id=\"attachment_10558\" style=\"width: 1290px\" class=\"wp-caption aligncenter\"><a href=\"https:\/\/alainlarivierephoto.com\/wp-content\/uploads\/2017\/11\/A-notre-inspecteur-primaire-01E_modif1_TM.jpg\"><img loading=\"lazy\" decoding=\"async\" aria-describedby=\"caption-attachment-10558\" class=\"size-large wp-image-10558 colorbox-10606\" src=\"https:\/\/alainlarivierephoto.com\/wp-content\/uploads\/2017\/11\/A-notre-inspecteur-primaire-01E_modif1_TM-1280x857.jpg\" alt=\"Les tombes de l'oubli : A notre inspecteur primaire qui s'en est all\u00e9 -4-\" width=\"1280\" height=\"857\" srcset=\"https:\/\/alainlarivierephoto.com\/wp-content\/uploads\/2017\/11\/A-notre-inspecteur-primaire-01E_modif1_TM.jpg 1280w, https:\/\/alainlarivierephoto.com\/wp-content\/uploads\/2017\/11\/A-notre-inspecteur-primaire-01E_modif1_TM-180x121.jpg 180w, https:\/\/alainlarivierephoto.com\/wp-content\/uploads\/2017\/11\/A-notre-inspecteur-primaire-01E_modif1_TM-300x201.jpg 300w, https:\/\/alainlarivierephoto.com\/wp-content\/uploads\/2017\/11\/A-notre-inspecteur-primaire-01E_modif1_TM-768x514.jpg 768w\" sizes=\"auto, (max-width: 1280px) 100vw, 1280px\" \/><\/a><p id=\"caption-attachment-10558\" class=\"wp-caption-text\">Les tombes de l&rsquo;oubli : A notre inspecteur primaire qui s&rsquo;en est all\u00e9<\/p><\/div>\n<p>&nbsp;<\/p>\n<p><span style=\"color: #ff9900;\">Voici la version HDR de la pr\u00e9c\u00e9dente photo qui apporte de la dramaturgie \u00e0 l&rsquo;image.<\/span><\/p>\n<p>Reportage sur les s\u00e9pultures abandonn\u00e9es et le th\u00e8me de l&rsquo;oubli.<\/p>\n<p style=\"text-align: justify;\">Le travail photographique montre des tombes abandonn\u00e9es, d\u00e9labr\u00e9es, o\u00f9 m\u00eame la notion de concession perp\u00e9tuelle n&rsquo;a plus cours pour les plus anciennes. A ces s\u00e9pultures on ne peut dissocier la notion d&rsquo;oubli, d&rsquo;o\u00f9 le titre de la s\u00e9rie.<br \/>\nApr\u00e8s la disparition physique des d\u00e9funts vient celle de leur identit\u00e9 qui, sur de nombreuses tombes, ou ce qu&rsquo;il en reste, n&rsquo;apparait plus. Alors il n&rsquo;y a plus trace du passage des personnes sur terre : c&rsquo;est l&rsquo;oubli \u00e0 perp\u00e9tuit\u00e9.<br \/>\nL&rsquo;\u00e9ternit\u00e9 des \u00e2mes errantes.<\/p>\n<p style=\"text-align: justify;\">\u00ab La mort, si nous voulons nommer ainsi cette irr\u00e9alit\u00e9, est la chose la plus redoutable. \u00bb<br \/>\nHegel, La Ph\u00e9nom\u00e9nologie de l&rsquo;Esprit, 1807.<\/p>\n<p style=\"text-align: justify;\">Qu&rsquo;est-ce donc qu&rsquo;oublier si ce n&rsquo;est pas mourir ?<br \/>\nMusset (Alfred de)<\/p>\n","protected":false},"excerpt":{"rendered":"<p>&nbsp; Voici la version HDR de la pr\u00e9c\u00e9dente photo qui apporte de la dramaturgie \u00e0 l&rsquo;image. Reportage sur les s\u00e9pultures abandonn\u00e9es et le th\u00e8me de l&rsquo;oubli. Le travail photographique montre des tombes abandonn\u00e9es, d\u00e9labr\u00e9es, o\u00f9 m\u00eame la notion de concession perp\u00e9tuelle n&rsquo;a plus cours pour les plus anciennes. A ces s\u00e9pultures on ne peut dissocier [&hellip;]<\/p>\n","protected":false},"author":1,"featured_media":0,"comment_status":"open","ping_status":"open","sticky":false,"template":"","format":"standard","meta":{"footnotes":"","_links_to":"","_links_to_target":""},"categories":[12,271],"tags":[766,765,764],"class_list":["post-10606","post","type-post","status-publish","format-standard","hentry","category-les-tombes-de-l-oubli","category-reportages","tag-cimetiere","tag-sepulture","tag-tombe"],"_links":{"self":[{"href":"https:\/\/alainlarivierephoto.com\/index.php?rest_route=\/wp\/v2\/posts\/10606","targetHints":{"allow":["GET"]}}],"collection":[{"href":"https:\/\/alainlarivierephoto.com\/index.php?rest_route=\/wp\/v2\/posts"}],"about":[{"href":"https:\/\/alainlarivierephoto.com\/index.php?rest_route=\/wp\/v2\/types\/post"}],"author":[{"embeddable":true,"href":"https:\/\/alainlarivierephoto.com\/index.php?rest_route=\/wp\/v2\/users\/1"}],"replies":[{"embeddable":true,"href":"https:\/\/alainlarivierephoto.com\/index.php?rest_route=%2Fwp%2Fv2%2Fcomments&post=10606"}],"version-history":[{"count":3,"href":"https:\/\/alainlarivierephoto.com\/index.php?rest_route=\/wp\/v2\/posts\/10606\/revisions"}],"predecessor-version":[{"id":10609,"href":"https:\/\/alainlarivierephoto.com\/index.php?rest_route=\/wp\/v2\/posts\/10606\/revisions\/10609"}],"wp:attachment":[{"href":"https:\/\/alainlarivierephoto.com\/index.php?rest_route=%2Fwp%2Fv2%2Fmedia&parent=10606"}],"wp:term":[{"taxonomy":"category","embeddable":true,"href":"https:\/\/alainlarivierephoto.com\/index.php?rest_route=%2Fwp%2Fv2%2Fcategories&post=10606"},{"taxonomy":"post_tag","embeddable":true,"href":"https:\/\/alainlarivierephoto.com\/index.php?rest_route=%2Fwp%2Fv2%2Ftags&post=10606"}],"curies":[{"name":"wp","href":"https:\/\/api.w.org\/{rel}","templated":true}]}}