{"id":10534,"date":"2017-11-24T00:05:54","date_gmt":"2017-11-23T23:05:54","guid":{"rendered":"https:\/\/alainlarivierephoto.com\/?p=10534"},"modified":"2017-11-30T12:37:39","modified_gmt":"2017-11-30T11:37:39","slug":"les-tombes-de-loubli-6-mois-de-vie-et-leternite-1","status":"publish","type":"post","link":"https:\/\/alainlarivierephoto.com\/?p=10534","title":{"rendered":"Les tombes de l&rsquo;oubli : 6 mois de vie et l&rsquo;\u00e9ternit\u00e9"},"content":{"rendered":"<div id=\"attachment_10533\" style=\"width: 867px\" class=\"wp-caption aligncenter\"><a href=\"https:\/\/alainlarivierephoto.com\/wp-content\/uploads\/2017\/11\/6-mois-de-vie-et-l\u00e9ternit\u00e9-01E.jpg\"><img loading=\"lazy\" decoding=\"async\" aria-describedby=\"caption-attachment-10533\" class=\"size-large wp-image-10533 colorbox-10534\" src=\"https:\/\/alainlarivierephoto.com\/wp-content\/uploads\/2017\/11\/6-mois-de-vie-et-l\u00e9ternit\u00e9-01E-857x1280.jpg\" alt=\"Les tombes de l'oubli : 6 mois de vie et l'\u00e9ternit\u00e9 -1-\" width=\"857\" height=\"1280\" srcset=\"https:\/\/alainlarivierephoto.com\/wp-content\/uploads\/2017\/11\/6-mois-de-vie-et-l\u00e9ternit\u00e9-01E.jpg 857w, https:\/\/alainlarivierephoto.com\/wp-content\/uploads\/2017\/11\/6-mois-de-vie-et-l\u00e9ternit\u00e9-01E-121x180.jpg 121w, https:\/\/alainlarivierephoto.com\/wp-content\/uploads\/2017\/11\/6-mois-de-vie-et-l\u00e9ternit\u00e9-01E-201x300.jpg 201w, https:\/\/alainlarivierephoto.com\/wp-content\/uploads\/2017\/11\/6-mois-de-vie-et-l\u00e9ternit\u00e9-01E-768x1147.jpg 768w\" sizes=\"auto, (max-width: 857px) 100vw, 857px\" \/><\/a><p id=\"caption-attachment-10533\" class=\"wp-caption-text\">Les tombes de l&rsquo;oubli : 6 mois de vie et l&rsquo;\u00e9ternit\u00e9<\/p><\/div>\n<p>&nbsp;<\/p>\n<p>Reportage sur les s\u00e9pultures abandonn\u00e9es et le th\u00e8me de l&rsquo;oubli.<\/p>\n<p style=\"text-align: justify;\">Le travail photographique montre des tombes abandonn\u00e9es, d\u00e9labr\u00e9es, o\u00f9 m\u00eame la notion de concession perp\u00e9tuelle n&rsquo;a plus cours pour les plus anciennes. A ces s\u00e9pultures on ne peut dissocier la notion d&rsquo;oubli, d&rsquo;o\u00f9 le titre de la s\u00e9rie.<br \/>\nApr\u00e8s la disparition physique des d\u00e9funts vient celle de leur identit\u00e9 qui, sur de nombreuses tombes, ou ce qu&rsquo;il en reste, n&rsquo;apparait plus. Alors il n&rsquo;y a plus trace du passage des personnes sur terre : c&rsquo;est l&rsquo;oubli \u00e0 perp\u00e9tuit\u00e9.<br \/>\nL&rsquo;\u00e9ternit\u00e9 des \u00e2mes errantes.<\/p>\n<p>\u00ab La mort, si nous voulons nommer ainsi cette irr\u00e9alit\u00e9, est la chose la plus redoutable. \u00bb<br \/>\nHegel, La Ph\u00e9nom\u00e9nologie de l&rsquo;Esprit, 1807.<\/p>\n<p>Qu&rsquo;est-ce donc qu&rsquo;oublier si ce n&rsquo;est pas mourir ?<br \/>\nMusset (Alfred de)<\/p>\n","protected":false},"excerpt":{"rendered":"<p>&nbsp; Reportage sur les s\u00e9pultures abandonn\u00e9es et le th\u00e8me de l&rsquo;oubli. Le travail photographique montre des tombes abandonn\u00e9es, d\u00e9labr\u00e9es, o\u00f9 m\u00eame la notion de concession perp\u00e9tuelle n&rsquo;a plus cours pour les plus anciennes. A ces s\u00e9pultures on ne peut dissocier la notion d&rsquo;oubli, d&rsquo;o\u00f9 le titre de la s\u00e9rie. Apr\u00e8s la disparition physique des d\u00e9funts [&hellip;]<\/p>\n","protected":false},"author":1,"featured_media":0,"comment_status":"open","ping_status":"open","sticky":false,"template":"","format":"standard","meta":{"footnotes":"","_links_to":"","_links_to_target":""},"categories":[12,271],"tags":[766,765,764],"class_list":["post-10534","post","type-post","status-publish","format-standard","hentry","category-les-tombes-de-l-oubli","category-reportages","tag-cimetiere","tag-sepulture","tag-tombe"],"_links":{"self":[{"href":"https:\/\/alainlarivierephoto.com\/index.php?rest_route=\/wp\/v2\/posts\/10534","targetHints":{"allow":["GET"]}}],"collection":[{"href":"https:\/\/alainlarivierephoto.com\/index.php?rest_route=\/wp\/v2\/posts"}],"about":[{"href":"https:\/\/alainlarivierephoto.com\/index.php?rest_route=\/wp\/v2\/types\/post"}],"author":[{"embeddable":true,"href":"https:\/\/alainlarivierephoto.com\/index.php?rest_route=\/wp\/v2\/users\/1"}],"replies":[{"embeddable":true,"href":"https:\/\/alainlarivierephoto.com\/index.php?rest_route=%2Fwp%2Fv2%2Fcomments&post=10534"}],"version-history":[{"count":2,"href":"https:\/\/alainlarivierephoto.com\/index.php?rest_route=\/wp\/v2\/posts\/10534\/revisions"}],"predecessor-version":[{"id":10536,"href":"https:\/\/alainlarivierephoto.com\/index.php?rest_route=\/wp\/v2\/posts\/10534\/revisions\/10536"}],"wp:attachment":[{"href":"https:\/\/alainlarivierephoto.com\/index.php?rest_route=%2Fwp%2Fv2%2Fmedia&parent=10534"}],"wp:term":[{"taxonomy":"category","embeddable":true,"href":"https:\/\/alainlarivierephoto.com\/index.php?rest_route=%2Fwp%2Fv2%2Fcategories&post=10534"},{"taxonomy":"post_tag","embeddable":true,"href":"https:\/\/alainlarivierephoto.com\/index.php?rest_route=%2Fwp%2Fv2%2Ftags&post=10534"}],"curies":[{"name":"wp","href":"https:\/\/api.w.org\/{rel}","templated":true}]}}