{"id":10452,"date":"2017-11-23T00:05:23","date_gmt":"2017-11-22T23:05:23","guid":{"rendered":"https:\/\/alainlarivierephoto.com\/?p=10452"},"modified":"2017-11-23T21:06:58","modified_gmt":"2017-11-23T20:06:58","slug":"hemerocallis-hybride-lhemerocalle-ou-lis-dun-jour-2","status":"publish","type":"post","link":"https:\/\/alainlarivierephoto.com\/?p=10452","title":{"rendered":"Hemerocallis hybride, l&rsquo;H\u00e9m\u00e9rocalle ou Lis d&rsquo;un jour"},"content":{"rendered":"<div id=\"attachment_10442\" style=\"width: 1290px\" class=\"wp-caption aligncenter\"><a href=\"https:\/\/alainlarivierephoto.com\/wp-content\/uploads\/2017\/11\/Hemerocallis-hybride-02E.jpg\"><img loading=\"lazy\" decoding=\"async\" aria-describedby=\"caption-attachment-10442\" class=\"size-large wp-image-10442 colorbox-10452\" src=\"https:\/\/alainlarivierephoto.com\/wp-content\/uploads\/2017\/11\/Hemerocallis-hybride-02E-1280x857.jpg\" alt=\"Hemerocallis hybride, l'H\u00e9m\u00e9rocalle -2-\" width=\"1280\" height=\"857\" srcset=\"https:\/\/alainlarivierephoto.com\/wp-content\/uploads\/2017\/11\/Hemerocallis-hybride-02E.jpg 1280w, https:\/\/alainlarivierephoto.com\/wp-content\/uploads\/2017\/11\/Hemerocallis-hybride-02E-180x121.jpg 180w, https:\/\/alainlarivierephoto.com\/wp-content\/uploads\/2017\/11\/Hemerocallis-hybride-02E-300x201.jpg 300w, https:\/\/alainlarivierephoto.com\/wp-content\/uploads\/2017\/11\/Hemerocallis-hybride-02E-768x514.jpg 768w\" sizes=\"auto, (max-width: 1280px) 100vw, 1280px\" \/><\/a><p id=\"caption-attachment-10442\" class=\"wp-caption-text\">Hemerocallis hybride, l&rsquo;H\u00e9m\u00e9rocalle ou Lis d&rsquo;un jour<\/p><\/div>\n<p>&nbsp;<\/p>\n<p>R\u00e8gne\u00a0: Plantae.<br \/>\nSous-r\u00e8gne\u00a0: Tracheobionta.<br \/>\nDivision\u00a0: Magnoliophyta.<br \/>\nSous-classe\u00a0: Liliidae.<br \/>\nOrdre\u00a0: Liliales.<br \/>\nFamille\u00a0: Liliaceae.<br \/>\nGenre\u00a0: <em>Hemerocallis<\/em>.<\/p>\n<p>Nom scientifique : <em>Hemerocallis<\/em> hybride Linn\u00e9, 1753.<br \/>\nNom(s) commun(s) : H\u00e9m\u00e9rocalle ; Lis d&rsquo;un jour.<\/p>\n<p style=\"text-align: justify;\">L&rsquo;H\u00e9m\u00e9rocalle (<em>Hemerocallis<\/em>), ou Lis d&rsquo;un jour, est une plante vivace herbac\u00e9e de la famille des Liliac\u00e9es (Liliaceae).<br \/>\nD&rsquo;une touffe de feuilles ruban\u00e9es \u00e9mergent des tiges florales nues, de 0,40 \u00e0 1,20 m\u00e8tre de hauteur, portant \u00e0 leur extr\u00e9mit\u00e9 un bouquet de fleurs analogues \u00e0 celles du Lis. Floraison de mai \u00e0 ao\u00fbt en Europe. Le nom H\u00e9m\u00e9rocallis vient du grec \u00ab\u00a0hemero\u00a0\u00bb signifiant \u00ab\u00a0un jour\u00a0\u00bb et de \u00ab\u00a0kallo\u00a0\u00bb voulant dire \u00ab\u00a0beaut\u00e9\u00a0\u00bb. En effet, les fleurs ne durent qu&rsquo;une journ\u00e9e, mais chaque hampe florale peut produire an cours de la floraison de 10 \u00e0 40 fleurs. Il existe maintenant de nombreux hybrides aux coloris vari\u00e9s (tons variant du jaune au rouge).<br \/>\nLes H\u00e9m\u00e9rocalles sont connues et cultiv\u00e9es depuis des si\u00e8cles. Originaires d&rsquo;Asie, les premi\u00e8res esp\u00e8ces \u00e9taient d\u00e9j\u00e0 cultiv\u00e9es, d\u00e9crites et peintes \u00e0 l&rsquo;\u00e9poque de Confusius (551-479 av. JC). Elles ont \u00e9t\u00e9 acclimat\u00e9es en Europe au d\u00e9but du 16\u00e8me si\u00e8cle.<\/p>\n","protected":false},"excerpt":{"rendered":"<p>&nbsp; R\u00e8gne\u00a0: Plantae. Sous-r\u00e8gne\u00a0: Tracheobionta. Division\u00a0: Magnoliophyta. Sous-classe\u00a0: Liliidae. Ordre\u00a0: Liliales. Famille\u00a0: Liliaceae. Genre\u00a0: Hemerocallis. Nom scientifique : Hemerocallis hybride Linn\u00e9, 1753. Nom(s) commun(s) : H\u00e9m\u00e9rocalle ; Lis d&rsquo;un jour. L&rsquo;H\u00e9m\u00e9rocalle (Hemerocallis), ou Lis d&rsquo;un jour, est une plante vivace herbac\u00e9e de la famille des Liliac\u00e9es (Liliaceae). D&rsquo;une touffe de feuilles ruban\u00e9es \u00e9mergent des tiges [&hellip;]<\/p>\n","protected":false},"author":1,"featured_media":0,"comment_status":"open","ping_status":"open","sticky":false,"template":"","format":"standard","meta":{"footnotes":"","_links_to":"","_links_to_target":""},"categories":[15,14],"tags":[887,738,139,138,667,126,886,888,512,889],"class_list":["post-10452","post","type-post","status-publish","format-standard","hentry","category-au-coeur-des-fleurs","category-flore","tag-etamine","tag-fleur","tag-hemerocalle","tag-hemerocallis","tag-liliaceae","tag-liliacee","tag-lis-dun-jour","tag-pistil","tag-plante","tag-pollen"],"_links":{"self":[{"href":"https:\/\/alainlarivierephoto.com\/index.php?rest_route=\/wp\/v2\/posts\/10452","targetHints":{"allow":["GET"]}}],"collection":[{"href":"https:\/\/alainlarivierephoto.com\/index.php?rest_route=\/wp\/v2\/posts"}],"about":[{"href":"https:\/\/alainlarivierephoto.com\/index.php?rest_route=\/wp\/v2\/types\/post"}],"author":[{"embeddable":true,"href":"https:\/\/alainlarivierephoto.com\/index.php?rest_route=\/wp\/v2\/users\/1"}],"replies":[{"embeddable":true,"href":"https:\/\/alainlarivierephoto.com\/index.php?rest_route=%2Fwp%2Fv2%2Fcomments&post=10452"}],"version-history":[{"count":3,"href":"https:\/\/alainlarivierephoto.com\/index.php?rest_route=\/wp\/v2\/posts\/10452\/revisions"}],"predecessor-version":[{"id":10454,"href":"https:\/\/alainlarivierephoto.com\/index.php?rest_route=\/wp\/v2\/posts\/10452\/revisions\/10454"}],"wp:attachment":[{"href":"https:\/\/alainlarivierephoto.com\/index.php?rest_route=%2Fwp%2Fv2%2Fmedia&parent=10452"}],"wp:term":[{"taxonomy":"category","embeddable":true,"href":"https:\/\/alainlarivierephoto.com\/index.php?rest_route=%2Fwp%2Fv2%2Fcategories&post=10452"},{"taxonomy":"post_tag","embeddable":true,"href":"https:\/\/alainlarivierephoto.com\/index.php?rest_route=%2Fwp%2Fv2%2Ftags&post=10452"}],"curies":[{"name":"wp","href":"https:\/\/api.w.org\/{rel}","templated":true}]}}