{"id":10395,"date":"2017-11-09T00:05:16","date_gmt":"2017-11-08T23:05:16","guid":{"rendered":"https:\/\/alainlarivierephoto.com\/?p=10395"},"modified":"2017-11-22T22:10:52","modified_gmt":"2017-11-22T21:10:52","slug":"ambiance-glacee-au-petit-theatre","status":"publish","type":"post","link":"https:\/\/alainlarivierephoto.com\/?p=10395","title":{"rendered":"Ambiance glac\u00e9e au petit th\u00e9\u00e2tre"},"content":{"rendered":"<div id=\"attachment_10393\" style=\"width: 861px\" class=\"wp-caption aligncenter\"><a href=\"https:\/\/alainlarivierephoto.com\/wp-content\/uploads\/2017\/11\/Ambiance-glac\u00e9e-au-petit-th\u00e9\u00e2tre-01E.jpg\"><img loading=\"lazy\" decoding=\"async\" aria-describedby=\"caption-attachment-10393\" class=\"size-large wp-image-10393 colorbox-10395\" src=\"https:\/\/alainlarivierephoto.com\/wp-content\/uploads\/2017\/11\/Ambiance-glac\u00e9e-au-petit-th\u00e9\u00e2tre-01E-851x1280.jpg\" alt=\"Ambiance glac\u00e9e au petit th\u00e9\u00e2tre\" width=\"851\" height=\"1280\" srcset=\"https:\/\/alainlarivierephoto.com\/wp-content\/uploads\/2017\/11\/Ambiance-glac\u00e9e-au-petit-th\u00e9\u00e2tre-01E.jpg 851w, https:\/\/alainlarivierephoto.com\/wp-content\/uploads\/2017\/11\/Ambiance-glac\u00e9e-au-petit-th\u00e9\u00e2tre-01E-120x180.jpg 120w, https:\/\/alainlarivierephoto.com\/wp-content\/uploads\/2017\/11\/Ambiance-glac\u00e9e-au-petit-th\u00e9\u00e2tre-01E-199x300.jpg 199w, https:\/\/alainlarivierephoto.com\/wp-content\/uploads\/2017\/11\/Ambiance-glac\u00e9e-au-petit-th\u00e9\u00e2tre-01E-768x1155.jpg 768w\" sizes=\"auto, (max-width: 851px) 100vw, 851px\" \/><\/a><p id=\"caption-attachment-10393\" class=\"wp-caption-text\">Ambiance glac\u00e9e au petit th\u00e9\u00e2tre<\/p><\/div>\n<p>&nbsp;<\/p>\n<p>L&rsquo;association de la pancarte du petit th\u00e9\u00e2tre avec celle de la publicit\u00e9 sur les glaces est \u00e0 l&rsquo;origine de cette photo humoristique.<\/p>\n","protected":false},"excerpt":{"rendered":"<p>&nbsp; L&rsquo;association de la pancarte du petit th\u00e9\u00e2tre avec celle de la publicit\u00e9 sur les glaces est \u00e0 l&rsquo;origine de cette photo humoristique.<\/p>\n","protected":false},"author":1,"featured_media":0,"comment_status":"open","ping_status":"open","sticky":false,"template":"","format":"standard","meta":{"footnotes":"","_links_to":"","_links_to_target":""},"categories":[115],"tags":[748,763],"class_list":["post-10395","post","type-post","status-publish","format-standard","hentry","category-humour","tag-humour","tag-pub"],"_links":{"self":[{"href":"https:\/\/alainlarivierephoto.com\/index.php?rest_route=\/wp\/v2\/posts\/10395","targetHints":{"allow":["GET"]}}],"collection":[{"href":"https:\/\/alainlarivierephoto.com\/index.php?rest_route=\/wp\/v2\/posts"}],"about":[{"href":"https:\/\/alainlarivierephoto.com\/index.php?rest_route=\/wp\/v2\/types\/post"}],"author":[{"embeddable":true,"href":"https:\/\/alainlarivierephoto.com\/index.php?rest_route=\/wp\/v2\/users\/1"}],"replies":[{"embeddable":true,"href":"https:\/\/alainlarivierephoto.com\/index.php?rest_route=%2Fwp%2Fv2%2Fcomments&post=10395"}],"version-history":[{"count":1,"href":"https:\/\/alainlarivierephoto.com\/index.php?rest_route=\/wp\/v2\/posts\/10395\/revisions"}],"predecessor-version":[{"id":10396,"href":"https:\/\/alainlarivierephoto.com\/index.php?rest_route=\/wp\/v2\/posts\/10395\/revisions\/10396"}],"wp:attachment":[{"href":"https:\/\/alainlarivierephoto.com\/index.php?rest_route=%2Fwp%2Fv2%2Fmedia&parent=10395"}],"wp:term":[{"taxonomy":"category","embeddable":true,"href":"https:\/\/alainlarivierephoto.com\/index.php?rest_route=%2Fwp%2Fv2%2Fcategories&post=10395"},{"taxonomy":"post_tag","embeddable":true,"href":"https:\/\/alainlarivierephoto.com\/index.php?rest_route=%2Fwp%2Fv2%2Ftags&post=10395"}],"curies":[{"name":"wp","href":"https:\/\/api.w.org\/{rel}","templated":true}]}}