{"id":10387,"date":"2017-11-04T00:05:36","date_gmt":"2017-11-03T23:05:36","guid":{"rendered":"https:\/\/alainlarivierephoto.com\/?p=10387"},"modified":"2017-11-02T10:01:29","modified_gmt":"2017-11-02T09:01:29","slug":"verres-et-couleurs-12","status":"publish","type":"post","link":"https:\/\/alainlarivierephoto.com\/?p=10387","title":{"rendered":"Verres et couleurs"},"content":{"rendered":"<div id=\"attachment_9932\" style=\"width: 1290px\" class=\"wp-caption aligncenter\"><a href=\"https:\/\/alainlarivierephoto.com\/wp-content\/uploads\/2017\/08\/Verres-et-couleurs-18E.jpg\"><img loading=\"lazy\" decoding=\"async\" aria-describedby=\"caption-attachment-9932\" class=\"size-large wp-image-9932 colorbox-10387\" src=\"https:\/\/alainlarivierephoto.com\/wp-content\/uploads\/2017\/08\/Verres-et-couleurs-18E-1280x853.jpg\" alt=\"Verres et couleurs -12-\" width=\"1280\" height=\"853\" srcset=\"https:\/\/alainlarivierephoto.com\/wp-content\/uploads\/2017\/08\/Verres-et-couleurs-18E.jpg 1280w, https:\/\/alainlarivierephoto.com\/wp-content\/uploads\/2017\/08\/Verres-et-couleurs-18E-180x120.jpg 180w, https:\/\/alainlarivierephoto.com\/wp-content\/uploads\/2017\/08\/Verres-et-couleurs-18E-300x200.jpg 300w, https:\/\/alainlarivierephoto.com\/wp-content\/uploads\/2017\/08\/Verres-et-couleurs-18E-768x512.jpg 768w\" sizes=\"auto, (max-width: 1280px) 100vw, 1280px\" \/><\/a><p id=\"caption-attachment-9932\" class=\"wp-caption-text\">Verres et couleurs<\/p><\/div>\n<p>&nbsp;<\/p>\n<p>C&rsquo;est en visitant le magasin de porcelaine et des arts de la table des \u00e9tablissement Marquet que j&rsquo;ai remarqu\u00e9 tous les reflets sur les verres de diff\u00e9rentes formes et couleurs pr\u00e9sent\u00e9s sur les \u00e9tag\u00e8res de verre.<br \/>\nJ&rsquo;ai exploit\u00e9 ces brillances, formes et couleurs pour r\u00e9aliser cette s\u00e9rie tr\u00e8s graphique.<\/p>\n<p>Image num\u00e9ris\u00e9e.<\/p>\n","protected":false},"excerpt":{"rendered":"<p>&nbsp; C&rsquo;est en visitant le magasin de porcelaine et des arts de la table des \u00e9tablissement Marquet que j&rsquo;ai remarqu\u00e9 tous les reflets sur les verres de diff\u00e9rentes formes et couleurs pr\u00e9sent\u00e9s sur les \u00e9tag\u00e8res de verre. J&rsquo;ai exploit\u00e9 ces brillances, formes et couleurs pour r\u00e9aliser cette s\u00e9rie tr\u00e8s graphique. Image num\u00e9ris\u00e9e.<\/p>\n","protected":false},"author":1,"featured_media":0,"comment_status":"open","ping_status":"open","sticky":false,"template":"","format":"standard","meta":{"footnotes":"","_links_to":"","_links_to_target":""},"categories":[391,77],"tags":[755,734,741,155],"class_list":["post-10387","post","type-post","status-publish","format-standard","hentry","category-graphisme","category-reflets","tag-couleur","tag-lumiere","tag-reflet","tag-verre"],"_links":{"self":[{"href":"https:\/\/alainlarivierephoto.com\/index.php?rest_route=\/wp\/v2\/posts\/10387","targetHints":{"allow":["GET"]}}],"collection":[{"href":"https:\/\/alainlarivierephoto.com\/index.php?rest_route=\/wp\/v2\/posts"}],"about":[{"href":"https:\/\/alainlarivierephoto.com\/index.php?rest_route=\/wp\/v2\/types\/post"}],"author":[{"embeddable":true,"href":"https:\/\/alainlarivierephoto.com\/index.php?rest_route=\/wp\/v2\/users\/1"}],"replies":[{"embeddable":true,"href":"https:\/\/alainlarivierephoto.com\/index.php?rest_route=%2Fwp%2Fv2%2Fcomments&post=10387"}],"version-history":[{"count":3,"href":"https:\/\/alainlarivierephoto.com\/index.php?rest_route=\/wp\/v2\/posts\/10387\/revisions"}],"predecessor-version":[{"id":10390,"href":"https:\/\/alainlarivierephoto.com\/index.php?rest_route=\/wp\/v2\/posts\/10387\/revisions\/10390"}],"wp:attachment":[{"href":"https:\/\/alainlarivierephoto.com\/index.php?rest_route=%2Fwp%2Fv2%2Fmedia&parent=10387"}],"wp:term":[{"taxonomy":"category","embeddable":true,"href":"https:\/\/alainlarivierephoto.com\/index.php?rest_route=%2Fwp%2Fv2%2Fcategories&post=10387"},{"taxonomy":"post_tag","embeddable":true,"href":"https:\/\/alainlarivierephoto.com\/index.php?rest_route=%2Fwp%2Fv2%2Ftags&post=10387"}],"curies":[{"name":"wp","href":"https:\/\/api.w.org\/{rel}","templated":true}]}}