{"id":10377,"date":"2017-11-02T00:05:10","date_gmt":"2017-11-01T23:05:10","guid":{"rendered":"https:\/\/alainlarivierephoto.com\/?p=10377"},"modified":"2017-11-02T10:03:31","modified_gmt":"2017-11-02T09:03:31","slug":"verres-et-couleurs-7","status":"publish","type":"post","link":"https:\/\/alainlarivierephoto.com\/?p=10377","title":{"rendered":"Verres et couleurs"},"content":{"rendered":"<div id=\"attachment_9927\" style=\"width: 1290px\" class=\"wp-caption aligncenter\"><a href=\"https:\/\/alainlarivierephoto.com\/wp-content\/uploads\/2017\/08\/Verres-et-couleurs-12E.jpg\"><img loading=\"lazy\" decoding=\"async\" aria-describedby=\"caption-attachment-9927\" class=\"size-large wp-image-9927 colorbox-10377\" src=\"https:\/\/alainlarivierephoto.com\/wp-content\/uploads\/2017\/08\/Verres-et-couleurs-12E-1280x853.jpg\" alt=\"Verres et couleurs -7-\" width=\"1280\" height=\"853\" srcset=\"https:\/\/alainlarivierephoto.com\/wp-content\/uploads\/2017\/08\/Verres-et-couleurs-12E.jpg 1280w, https:\/\/alainlarivierephoto.com\/wp-content\/uploads\/2017\/08\/Verres-et-couleurs-12E-180x120.jpg 180w, https:\/\/alainlarivierephoto.com\/wp-content\/uploads\/2017\/08\/Verres-et-couleurs-12E-300x200.jpg 300w, https:\/\/alainlarivierephoto.com\/wp-content\/uploads\/2017\/08\/Verres-et-couleurs-12E-768x512.jpg 768w\" sizes=\"auto, (max-width: 1280px) 100vw, 1280px\" \/><\/a><p id=\"caption-attachment-9927\" class=\"wp-caption-text\">Verres et couleurs<\/p><\/div>\n<p>&nbsp;<\/p>\n<p style=\"text-align: justify;\">magasin de porcelaine et des arts de la table des \u00e9tablissement Marquet que j&rsquo;ai remarqu\u00e9 tous les reflets sur les verres de diff\u00e9rentes formes et couleurs pr\u00e9sent\u00e9s sur les \u00e9tag\u00e8res de verre.<br \/>\nJ&rsquo;ai exploit\u00e9 ces brillances, formes et couleurs pour r\u00e9aliser cette s\u00e9rie tr\u00e8s graphique.<\/p>\n<p style=\"text-align: justify;\">Image num\u00e9ris\u00e9e.<\/p>\n","protected":false},"excerpt":{"rendered":"<p>&nbsp; magasin de porcelaine et des arts de la table des \u00e9tablissement Marquet que j&rsquo;ai remarqu\u00e9 tous les reflets sur les verres de diff\u00e9rentes formes et couleurs pr\u00e9sent\u00e9s sur les \u00e9tag\u00e8res de verre. J&rsquo;ai exploit\u00e9 ces brillances, formes et couleurs pour r\u00e9aliser cette s\u00e9rie tr\u00e8s graphique. Image num\u00e9ris\u00e9e.<\/p>\n","protected":false},"author":1,"featured_media":0,"comment_status":"open","ping_status":"open","sticky":false,"template":"","format":"standard","meta":{"footnotes":"","_links_to":"","_links_to_target":""},"categories":[391,77],"tags":[755,734,741,155],"class_list":["post-10377","post","type-post","status-publish","format-standard","hentry","category-graphisme","category-reflets","tag-couleur","tag-lumiere","tag-reflet","tag-verre"],"_links":{"self":[{"href":"https:\/\/alainlarivierephoto.com\/index.php?rest_route=\/wp\/v2\/posts\/10377","targetHints":{"allow":["GET"]}}],"collection":[{"href":"https:\/\/alainlarivierephoto.com\/index.php?rest_route=\/wp\/v2\/posts"}],"about":[{"href":"https:\/\/alainlarivierephoto.com\/index.php?rest_route=\/wp\/v2\/types\/post"}],"author":[{"embeddable":true,"href":"https:\/\/alainlarivierephoto.com\/index.php?rest_route=\/wp\/v2\/users\/1"}],"replies":[{"embeddable":true,"href":"https:\/\/alainlarivierephoto.com\/index.php?rest_route=%2Fwp%2Fv2%2Fcomments&post=10377"}],"version-history":[{"count":1,"href":"https:\/\/alainlarivierephoto.com\/index.php?rest_route=\/wp\/v2\/posts\/10377\/revisions"}],"predecessor-version":[{"id":10378,"href":"https:\/\/alainlarivierephoto.com\/index.php?rest_route=\/wp\/v2\/posts\/10377\/revisions\/10378"}],"wp:attachment":[{"href":"https:\/\/alainlarivierephoto.com\/index.php?rest_route=%2Fwp%2Fv2%2Fmedia&parent=10377"}],"wp:term":[{"taxonomy":"category","embeddable":true,"href":"https:\/\/alainlarivierephoto.com\/index.php?rest_route=%2Fwp%2Fv2%2Fcategories&post=10377"},{"taxonomy":"post_tag","embeddable":true,"href":"https:\/\/alainlarivierephoto.com\/index.php?rest_route=%2Fwp%2Fv2%2Ftags&post=10377"}],"curies":[{"name":"wp","href":"https:\/\/api.w.org\/{rel}","templated":true}]}}