{"id":10198,"date":"2017-10-14T00:05:51","date_gmt":"2017-10-13T22:05:51","guid":{"rendered":"https:\/\/alainlarivierephoto.com\/?p=10198"},"modified":"2017-09-12T08:36:55","modified_gmt":"2017-09-12T06:36:55","slug":"vanessa-6","status":"publish","type":"post","link":"https:\/\/alainlarivierephoto.com\/?p=10198","title":{"rendered":"Vanessa"},"content":{"rendered":"<div id=\"attachment_9947\" style=\"width: 867px\" class=\"wp-caption aligncenter\"><a href=\"https:\/\/alainlarivierephoto.com\/wp-content\/uploads\/2017\/08\/Vanessa-06E.jpg\"><img loading=\"lazy\" decoding=\"async\" aria-describedby=\"caption-attachment-9947\" class=\"size-full wp-image-9947 colorbox-10198\" src=\"https:\/\/alainlarivierephoto.com\/wp-content\/uploads\/2017\/08\/Vanessa-06E.jpg\" alt=\"Vanessa en studio 27-04-2007 -6-\" width=\"857\" height=\"1280\" srcset=\"https:\/\/alainlarivierephoto.com\/wp-content\/uploads\/2017\/08\/Vanessa-06E.jpg 857w, https:\/\/alainlarivierephoto.com\/wp-content\/uploads\/2017\/08\/Vanessa-06E-121x180.jpg 121w, https:\/\/alainlarivierephoto.com\/wp-content\/uploads\/2017\/08\/Vanessa-06E-201x300.jpg 201w, https:\/\/alainlarivierephoto.com\/wp-content\/uploads\/2017\/08\/Vanessa-06E-768x1147.jpg 768w\" sizes=\"auto, (max-width: 857px) 100vw, 857px\" \/><\/a><p id=\"caption-attachment-9947\" class=\"wp-caption-text\">Vanessa<\/p><\/div>\n<p>&nbsp;<\/p>\n<p>Vanessa entre princesse \u00e9gyptienne et titi parisien&#8230;<\/p>\n<p>Vanessa, mod\u00e8le au stage URCO, anim\u00e9 par G\u00e9rard Chesneau dans les locaux du club PCCO. Orl\u00e9ans le 27-04-2007.<\/p>\n","protected":false},"excerpt":{"rendered":"<p>&nbsp; Vanessa entre princesse \u00e9gyptienne et titi parisien&#8230; Vanessa, mod\u00e8le au stage URCO, anim\u00e9 par G\u00e9rard Chesneau dans les locaux du club PCCO. Orl\u00e9ans le 27-04-2007.<\/p>\n","protected":false},"author":1,"featured_media":0,"comment_status":"open","ping_status":"open","sticky":false,"template":"","format":"standard","meta":{"footnotes":"","_links_to":"","_links_to_target":""},"categories":[40],"tags":[740,757,756,867],"class_list":["post-10198","post","type-post","status-publish","format-standard","hentry","category-personnages","tag-mannequin","tag-mode","tag-modele","tag-photo-de-studio"],"_links":{"self":[{"href":"https:\/\/alainlarivierephoto.com\/index.php?rest_route=\/wp\/v2\/posts\/10198","targetHints":{"allow":["GET"]}}],"collection":[{"href":"https:\/\/alainlarivierephoto.com\/index.php?rest_route=\/wp\/v2\/posts"}],"about":[{"href":"https:\/\/alainlarivierephoto.com\/index.php?rest_route=\/wp\/v2\/types\/post"}],"author":[{"embeddable":true,"href":"https:\/\/alainlarivierephoto.com\/index.php?rest_route=\/wp\/v2\/users\/1"}],"replies":[{"embeddable":true,"href":"https:\/\/alainlarivierephoto.com\/index.php?rest_route=%2Fwp%2Fv2%2Fcomments&post=10198"}],"version-history":[{"count":2,"href":"https:\/\/alainlarivierephoto.com\/index.php?rest_route=\/wp\/v2\/posts\/10198\/revisions"}],"predecessor-version":[{"id":10220,"href":"https:\/\/alainlarivierephoto.com\/index.php?rest_route=\/wp\/v2\/posts\/10198\/revisions\/10220"}],"wp:attachment":[{"href":"https:\/\/alainlarivierephoto.com\/index.php?rest_route=%2Fwp%2Fv2%2Fmedia&parent=10198"}],"wp:term":[{"taxonomy":"category","embeddable":true,"href":"https:\/\/alainlarivierephoto.com\/index.php?rest_route=%2Fwp%2Fv2%2Fcategories&post=10198"},{"taxonomy":"post_tag","embeddable":true,"href":"https:\/\/alainlarivierephoto.com\/index.php?rest_route=%2Fwp%2Fv2%2Ftags&post=10198"}],"curies":[{"name":"wp","href":"https:\/\/api.w.org\/{rel}","templated":true}]}}