{"id":10138,"date":"2017-09-30T00:05:00","date_gmt":"2017-09-29T22:05:00","guid":{"rendered":"https:\/\/alainlarivierephoto.com\/?p=10138"},"modified":"2017-09-12T08:34:25","modified_gmt":"2017-09-12T06:34:25","slug":"bellis-perennis-la-paquerette-4","status":"publish","type":"post","link":"https:\/\/alainlarivierephoto.com\/?p=10138","title":{"rendered":"Bellis perennis, la P\u00e2querette"},"content":{"rendered":"<div id=\"attachment_9895\" style=\"width: 1290px\" class=\"wp-caption aligncenter\"><a href=\"https:\/\/alainlarivierephoto.com\/wp-content\/uploads\/2017\/08\/Bellis-perennis-01E.jpg\"><img loading=\"lazy\" decoding=\"async\" aria-describedby=\"caption-attachment-9895\" class=\"size-full wp-image-9895 colorbox-10138\" src=\"https:\/\/alainlarivierephoto.com\/wp-content\/uploads\/2017\/08\/Bellis-perennis-01E.jpg\" alt=\"Bellis perennis, la P\u00e2querette -4-\" width=\"1280\" height=\"851\" srcset=\"https:\/\/alainlarivierephoto.com\/wp-content\/uploads\/2017\/08\/Bellis-perennis-01E.jpg 1280w, https:\/\/alainlarivierephoto.com\/wp-content\/uploads\/2017\/08\/Bellis-perennis-01E-180x120.jpg 180w, https:\/\/alainlarivierephoto.com\/wp-content\/uploads\/2017\/08\/Bellis-perennis-01E-300x199.jpg 300w, https:\/\/alainlarivierephoto.com\/wp-content\/uploads\/2017\/08\/Bellis-perennis-01E-768x511.jpg 768w\" sizes=\"auto, (max-width: 1280px) 100vw, 1280px\" \/><\/a><p id=\"caption-attachment-9895\" class=\"wp-caption-text\">Bellis perennis, la P\u00e2querette<\/p><\/div>\n<p>&nbsp;<\/p>\n<p>R\u00e8gne\u00a0: Plantae.<br \/>\nSous-r\u00e8gne\u00a0: Tracheobionta.<br \/>\nDivision\u00a0: Magnoliophyta.<br \/>\nClasse\u00a0: Magnoliopsida.<br \/>\nOrdre\u00a0: Asterales.<br \/>\nFamille\u00a0: Asteraceae.<br \/>\nGenre\u00a0: <em>Bellis<\/em>.<\/p>\n<p>Nom scientifique\u00a0: <em>Bellis perennis<\/em> Linn\u00e9, 1753.<br \/>\nNom commun\u00a0: P\u00e2querette.<\/p>\n<p style=\"text-align: justify;\">La p\u00e2querette (<em>Bellis perennis<\/em>) est une plante vivace de la famille des Ast\u00e9rac\u00e9es (Asteraceae) (= Compos\u00e9es). Les p\u00e2querettes sont des fleurs rustiques tr\u00e8s communes en Europe, sur les gazons, les prairies, les chemins et les zones d&rsquo;herbe rase. Elles ont la particularit\u00e9, comme certaines autres fleurs de plantes herbac\u00e9es, de se fermer la nuit et de s&rsquo;ouvrir le matin pour s&rsquo;\u00e9panouir au soleil ; elles peuvent aussi se fermer pendant les averses, voire un peu avant, ce qui permet dans les campagnes de pr\u00e9dire la pluie l\u00e9g\u00e8rement \u00e0 l&rsquo;avance.<br \/>\nLes fleurs naissent sur des inflorescences appel\u00e9es capitules : celles du pourtour, que l&rsquo;on croit \u00e0 tort \u00eatre des p\u00e9tales, appel\u00e9es fleurs ligul\u00e9es ou demi-fleurons, parce qu&rsquo;elles ont la forme d&rsquo;une languette, sont des fleurs femelles, dont la couleur varie du blanc au rose plus ou moins prononc\u00e9 ; celles du centre, jaunes, appel\u00e9es fleurs tubuleuses ou fleurons, parce que leur corolle forme un tube, sont hermaphrodites. Ainsi, contrairement \u00e0 l&rsquo;opinion populaire, ce qu&rsquo;on appelle une \u00ab fleur \u00bb de p\u00e2querette est en r\u00e9alit\u00e9 un capitule portant des fleurs tr\u00e8s nombreuses.<br \/>\nLeurs fruits s&rsquo;envolent gr\u00e2ce au vent et d\u00e9gagent des odeurs qui attirent les insectes. H\u00a0: 10 cm.<br \/>\nEn phytoth\u00e9rapie, la p\u00e2querette est souvent utilis\u00e9e pour lutter contre l&rsquo;hypertension et l&rsquo;art\u00e9rioscl\u00e9rose.<\/p>\n","protected":false},"excerpt":{"rendered":"<p>&nbsp; R\u00e8gne\u00a0: Plantae. Sous-r\u00e8gne\u00a0: Tracheobionta. Division\u00a0: Magnoliophyta. Classe\u00a0: Magnoliopsida. Ordre\u00a0: Asterales. Famille\u00a0: Asteraceae. Genre\u00a0: Bellis. Nom scientifique\u00a0: Bellis perennis Linn\u00e9, 1753. Nom commun\u00a0: P\u00e2querette. La p\u00e2querette (Bellis perennis) est une plante vivace de la famille des Ast\u00e9rac\u00e9es (Asteraceae) (= Compos\u00e9es). Les p\u00e2querettes sont des fleurs rustiques tr\u00e8s communes en Europe, sur les gazons, les prairies, [&hellip;]<\/p>\n","protected":false},"author":1,"featured_media":0,"comment_status":"open","ping_status":"open","sticky":false,"template":"","format":"standard","meta":{"footnotes":"","_links_to":"","_links_to_target":""},"categories":[15,14],"tags":[467,137,135,172,738,136,512],"class_list":["post-10138","post","type-post","status-publish","format-standard","hentry","category-au-coeur-des-fleurs","category-flore","tag-asteraceae","tag-asteracee","tag-bellis-perennis","tag-composee","tag-fleur","tag-paquerette","tag-plante"],"_links":{"self":[{"href":"https:\/\/alainlarivierephoto.com\/index.php?rest_route=\/wp\/v2\/posts\/10138","targetHints":{"allow":["GET"]}}],"collection":[{"href":"https:\/\/alainlarivierephoto.com\/index.php?rest_route=\/wp\/v2\/posts"}],"about":[{"href":"https:\/\/alainlarivierephoto.com\/index.php?rest_route=\/wp\/v2\/types\/post"}],"author":[{"embeddable":true,"href":"https:\/\/alainlarivierephoto.com\/index.php?rest_route=\/wp\/v2\/users\/1"}],"replies":[{"embeddable":true,"href":"https:\/\/alainlarivierephoto.com\/index.php?rest_route=%2Fwp%2Fv2%2Fcomments&post=10138"}],"version-history":[{"count":1,"href":"https:\/\/alainlarivierephoto.com\/index.php?rest_route=\/wp\/v2\/posts\/10138\/revisions"}],"predecessor-version":[{"id":10139,"href":"https:\/\/alainlarivierephoto.com\/index.php?rest_route=\/wp\/v2\/posts\/10138\/revisions\/10139"}],"wp:attachment":[{"href":"https:\/\/alainlarivierephoto.com\/index.php?rest_route=%2Fwp%2Fv2%2Fmedia&parent=10138"}],"wp:term":[{"taxonomy":"category","embeddable":true,"href":"https:\/\/alainlarivierephoto.com\/index.php?rest_route=%2Fwp%2Fv2%2Fcategories&post=10138"},{"taxonomy":"post_tag","embeddable":true,"href":"https:\/\/alainlarivierephoto.com\/index.php?rest_route=%2Fwp%2Fv2%2Ftags&post=10138"}],"curies":[{"name":"wp","href":"https:\/\/api.w.org\/{rel}","templated":true}]}}