{"id":10078,"date":"2017-09-14T00:05:39","date_gmt":"2017-09-13T22:05:39","guid":{"rendered":"https:\/\/alainlarivierephoto.com\/?p=10078"},"modified":"2017-09-14T08:16:15","modified_gmt":"2017-09-14T06:16:15","slug":"gladiodus-le-glaieul-hybride-jaune-1","status":"publish","type":"post","link":"https:\/\/alainlarivierephoto.com\/?p=10078","title":{"rendered":"Gladiolus, le Gla\u00efeul hybride jaune"},"content":{"rendered":"<div id=\"attachment_9871\" style=\"width: 1290px\" class=\"wp-caption aligncenter\"><a href=\"https:\/\/alainlarivierephoto.com\/wp-content\/uploads\/2017\/08\/Gla\u00efeul-hybride-jaune-03E.jpg\"><img loading=\"lazy\" decoding=\"async\" aria-describedby=\"caption-attachment-9871\" class=\"size-full wp-image-9871 colorbox-10078\" src=\"https:\/\/alainlarivierephoto.com\/wp-content\/uploads\/2017\/08\/Gla\u00efeul-hybride-jaune-03E.jpg\" alt=\"Gladiodus, le Gla\u00efeul hybride jaune -1-\" width=\"1280\" height=\"857\" srcset=\"https:\/\/alainlarivierephoto.com\/wp-content\/uploads\/2017\/08\/Gla\u00efeul-hybride-jaune-03E.jpg 1280w, https:\/\/alainlarivierephoto.com\/wp-content\/uploads\/2017\/08\/Gla\u00efeul-hybride-jaune-03E-180x121.jpg 180w, https:\/\/alainlarivierephoto.com\/wp-content\/uploads\/2017\/08\/Gla\u00efeul-hybride-jaune-03E-300x201.jpg 300w, https:\/\/alainlarivierephoto.com\/wp-content\/uploads\/2017\/08\/Gla\u00efeul-hybride-jaune-03E-768x514.jpg 768w\" sizes=\"auto, (max-width: 1280px) 100vw, 1280px\" \/><\/a><p id=\"caption-attachment-9871\" class=\"wp-caption-text\">Gladiolus, le Gla\u00efeul hybride jaune<\/p><\/div>\n<p>&nbsp;<\/p>\n<p>R\u00e8gne\u00a0: Plantae.<br \/>\nClasse\u00a0: Liliopsida.<br \/>\nOrdre\u00a0: Liliales.<br \/>\nFamille\u00a0: Iridaceae.<br \/>\nGenre\u00a0: <em>Gladiolus<\/em>.<\/p>\n<p>Nom scientifique : <em>Gladiolus<\/em> Linn\u00e9, 1753.<br \/>\nNom commun : Gla\u00efeul.<\/p>\n<p style=\"text-align: justify;\">Le Gla\u00efeul (<em>Gladiolus<\/em>) est une plante vivace bulbeuse de la famille des Iridac\u00e9es (Iridaceae).<br \/>\nLe genre Gladiolus comprend plus de 260 esp\u00e8ces. La plupart des esp\u00e8ces que nous connaissons sont des cultivars (hybrides) d&rsquo;origine Sud-Africaine (environ 180 esp\u00e8ces et vari\u00e9t\u00e9s), mais on trouve \u00e9galement des esp\u00e8ces sauvages en Eurasie autour du bassin m\u00e9diterran\u00e9en et en Afrique tropicale.<br \/>\nOn distingue :<br \/>\n&#8211; les Gla\u00efeuls hybrides \u00e0 grandes fleurs : esp\u00e8ces vigoureuses \u00e0 tige rigide poussant jusqu&rsquo;\u00e0 1,5 m.<br \/>\n&#8211; les Gla\u00efeuls hybrides \u00e0 petites fleurs (Gla\u00efeuls papillon) \u00e0 cause de la forme des fleurs rappelant cet insecte.<br \/>\n&#8211; les Gla\u00efeuls nains.<br \/>\nLe nom de gla\u00efeul vient du latin gladius signifiant \u00ab\u00a0glaive\u00a0\u00bb et fait r\u00e9f\u00e9rence \u00e0 la forme des feuilles. Ces derni\u00e8res sont surmont\u00e9es par une inflorescence en \u00e9pis. La taille varie selon les esp\u00e8ces de 45 \u00e0 150 cm. Les coloris sont nombreux et vari\u00e9s. Il existe m\u00eame des inflorescences vertes.<\/p>\n","protected":false},"excerpt":{"rendered":"<p>&nbsp; R\u00e8gne\u00a0: Plantae. Classe\u00a0: Liliopsida. Ordre\u00a0: Liliales. Famille\u00a0: Iridaceae. Genre\u00a0: Gladiolus. Nom scientifique : Gladiolus Linn\u00e9, 1753. Nom commun : Gla\u00efeul. Le Gla\u00efeul (Gladiolus) est une plante vivace bulbeuse de la famille des Iridac\u00e9es (Iridaceae). Le genre Gladiolus comprend plus de 260 esp\u00e8ces. La plupart des esp\u00e8ces que nous connaissons sont des cultivars (hybrides) d&rsquo;origine [&hellip;]<\/p>\n","protected":false},"author":1,"featured_media":0,"comment_status":"open","ping_status":"open","sticky":false,"template":"","format":"standard","meta":{"footnotes":"","_links_to":"","_links_to_target":""},"categories":[15,14],"tags":[669,738,121,122,526,123,512,799],"class_list":["post-10078","post","type-post","status-publish","format-standard","hentry","category-au-coeur-des-fleurs","category-flore","tag-bulbeuse","tag-fleur","tag-gladiolus","tag-glaieul","tag-iridaceae","tag-iridacee","tag-plante","tag-vivace"],"_links":{"self":[{"href":"https:\/\/alainlarivierephoto.com\/index.php?rest_route=\/wp\/v2\/posts\/10078","targetHints":{"allow":["GET"]}}],"collection":[{"href":"https:\/\/alainlarivierephoto.com\/index.php?rest_route=\/wp\/v2\/posts"}],"about":[{"href":"https:\/\/alainlarivierephoto.com\/index.php?rest_route=\/wp\/v2\/types\/post"}],"author":[{"embeddable":true,"href":"https:\/\/alainlarivierephoto.com\/index.php?rest_route=\/wp\/v2\/users\/1"}],"replies":[{"embeddable":true,"href":"https:\/\/alainlarivierephoto.com\/index.php?rest_route=%2Fwp%2Fv2%2Fcomments&post=10078"}],"version-history":[{"count":3,"href":"https:\/\/alainlarivierephoto.com\/index.php?rest_route=\/wp\/v2\/posts\/10078\/revisions"}],"predecessor-version":[{"id":10288,"href":"https:\/\/alainlarivierephoto.com\/index.php?rest_route=\/wp\/v2\/posts\/10078\/revisions\/10288"}],"wp:attachment":[{"href":"https:\/\/alainlarivierephoto.com\/index.php?rest_route=%2Fwp%2Fv2%2Fmedia&parent=10078"}],"wp:term":[{"taxonomy":"category","embeddable":true,"href":"https:\/\/alainlarivierephoto.com\/index.php?rest_route=%2Fwp%2Fv2%2Fcategories&post=10078"},{"taxonomy":"post_tag","embeddable":true,"href":"https:\/\/alainlarivierephoto.com\/index.php?rest_route=%2Fwp%2Fv2%2Ftags&post=10078"}],"curies":[{"name":"wp","href":"https:\/\/api.w.org\/{rel}","templated":true}]}}