{"id":10011,"date":"2017-09-02T00:05:13","date_gmt":"2017-09-01T22:05:13","guid":{"rendered":"https:\/\/alainlarivierephoto.com\/?p=10011"},"modified":"2017-08-13T18:10:03","modified_gmt":"2017-08-13T16:10:03","slug":"soleil-dampoules","status":"publish","type":"post","link":"https:\/\/alainlarivierephoto.com\/?p=10011","title":{"rendered":"Soleil d&rsquo;ampoules"},"content":{"rendered":"<div id=\"attachment_9820\" style=\"width: 1290px\" class=\"wp-caption aligncenter\"><a href=\"https:\/\/alainlarivierephoto.com\/wp-content\/uploads\/2017\/08\/Soleil-dampoules-01E.jpg\"><img loading=\"lazy\" decoding=\"async\" aria-describedby=\"caption-attachment-9820\" class=\"size-full wp-image-9820 colorbox-10011\" src=\"https:\/\/alainlarivierephoto.com\/wp-content\/uploads\/2017\/08\/Soleil-dampoules-01E.jpg\" alt=\"Soleil d'ampoules\" width=\"1280\" height=\"851\" srcset=\"https:\/\/alainlarivierephoto.com\/wp-content\/uploads\/2017\/08\/Soleil-dampoules-01E.jpg 1280w, https:\/\/alainlarivierephoto.com\/wp-content\/uploads\/2017\/08\/Soleil-dampoules-01E-180x120.jpg 180w, https:\/\/alainlarivierephoto.com\/wp-content\/uploads\/2017\/08\/Soleil-dampoules-01E-300x199.jpg 300w, https:\/\/alainlarivierephoto.com\/wp-content\/uploads\/2017\/08\/Soleil-dampoules-01E-768x511.jpg 768w\" sizes=\"auto, (max-width: 1280px) 100vw, 1280px\" \/><\/a><p id=\"caption-attachment-9820\" class=\"wp-caption-text\">Soleil d&rsquo;ampoules<\/p><\/div>\n<p>&nbsp;<\/p>\n<p style=\"text-align: justify;\">S\u00e9rie r\u00e9alis\u00e9e lors d\u2019une sortie nocturne \u00e0 la f\u00eate foraine install\u00e9e au parc d\u2019Orl\u00e9ans.<br \/>\nPriorit\u00e9 est donn\u00e9e aux cadrages serr\u00e9s et \u00e0 la couleur dans l\u2019image.<\/p>\n<p style=\"text-align: justify;\">La f\u00eate foraine est une source d\u2019inspiration in\u00e9puisable pour le photographe. De jour, le regard porte sur l\u2019\u00e9l\u00e9ment humain. Il s\u2019agit de capter le comportement des enfants et de leurs parents autour et sur les attractions : cris, rires, pleurs. A la tomb\u00e9e de la nuit et de nuit le regard du photographe se concentre principalement sur les multiples jeux de lumi\u00e8re multicolore d\u00e9livr\u00e9s par les man\u00e8ges. Les personnages s\u2019effacent, devenant des ombres ou des ectoplasmes, tels des fant\u00f4mes errants, \u00e0 cause d\u2019une pose longue. La nuit, il s\u2019agit de capter les ambiances. Cette s\u00e9rie met l\u2019accent sur les jeux de lumi\u00e8re.<\/p>\n<p style=\"text-align: justify;\">Franckie. Gliss. La belle pointure. La girafe. Le clown. Le man\u00e8ge zoologique. Le pendu. Pause lumineuse. Soleil d\u2019ampoules. Tourbillons lumineux.<\/p>\n","protected":false},"excerpt":{"rendered":"<p>&nbsp; S\u00e9rie r\u00e9alis\u00e9e lors d\u2019une sortie nocturne \u00e0 la f\u00eate foraine install\u00e9e au parc d\u2019Orl\u00e9ans. Priorit\u00e9 est donn\u00e9e aux cadrages serr\u00e9s et \u00e0 la couleur dans l\u2019image. La f\u00eate foraine est une source d\u2019inspiration in\u00e9puisable pour le photographe. De jour, le regard porte sur l\u2019\u00e9l\u00e9ment humain. Il s\u2019agit de capter le comportement des enfants et [&hellip;]<\/p>\n","protected":false},"author":1,"featured_media":0,"comment_status":"open","ping_status":"open","sticky":false,"template":"","format":"standard","meta":{"footnotes":"","_links_to":"","_links_to_target":""},"categories":[5,391],"tags":[117,737,116],"class_list":["post-10011","post","type-post","status-publish","format-standard","hentry","category-ambiances-nocturnes","category-graphisme","tag-ampoule","tag-fete-foraine","tag-soleil"],"_links":{"self":[{"href":"https:\/\/alainlarivierephoto.com\/index.php?rest_route=\/wp\/v2\/posts\/10011","targetHints":{"allow":["GET"]}}],"collection":[{"href":"https:\/\/alainlarivierephoto.com\/index.php?rest_route=\/wp\/v2\/posts"}],"about":[{"href":"https:\/\/alainlarivierephoto.com\/index.php?rest_route=\/wp\/v2\/types\/post"}],"author":[{"embeddable":true,"href":"https:\/\/alainlarivierephoto.com\/index.php?rest_route=\/wp\/v2\/users\/1"}],"replies":[{"embeddable":true,"href":"https:\/\/alainlarivierephoto.com\/index.php?rest_route=%2Fwp%2Fv2%2Fcomments&post=10011"}],"version-history":[{"count":2,"href":"https:\/\/alainlarivierephoto.com\/index.php?rest_route=\/wp\/v2\/posts\/10011\/revisions"}],"predecessor-version":[{"id":10013,"href":"https:\/\/alainlarivierephoto.com\/index.php?rest_route=\/wp\/v2\/posts\/10011\/revisions\/10013"}],"wp:attachment":[{"href":"https:\/\/alainlarivierephoto.com\/index.php?rest_route=%2Fwp%2Fv2%2Fmedia&parent=10011"}],"wp:term":[{"taxonomy":"category","embeddable":true,"href":"https:\/\/alainlarivierephoto.com\/index.php?rest_route=%2Fwp%2Fv2%2Fcategories&post=10011"},{"taxonomy":"post_tag","embeddable":true,"href":"https:\/\/alainlarivierephoto.com\/index.php?rest_route=%2Fwp%2Fv2%2Ftags&post=10011"}],"curies":[{"name":"wp","href":"https:\/\/api.w.org\/{rel}","templated":true}]}}