{"id":10007,"date":"2017-09-01T00:01:09","date_gmt":"2017-08-31T22:01:09","guid":{"rendered":"https:\/\/alainlarivierephoto.com\/?p=10007"},"modified":"2017-08-13T17:57:03","modified_gmt":"2017-08-13T15:57:03","slug":"apis-mellifera-labeille-mellifere-2","status":"publish","type":"post","link":"https:\/\/alainlarivierephoto.com\/?p=10007","title":{"rendered":"Apis mellifera, l&rsquo;Abeille mellif\u00e8re"},"content":{"rendered":"<div id=\"attachment_9818\" style=\"width: 1290px\" class=\"wp-caption aligncenter\"><a href=\"https:\/\/alainlarivierephoto.com\/wp-content\/uploads\/2017\/08\/Apis-mellifera-03E.jpg\"><img loading=\"lazy\" decoding=\"async\" aria-describedby=\"caption-attachment-9818\" class=\"size-full wp-image-9818 colorbox-10007\" src=\"https:\/\/alainlarivierephoto.com\/wp-content\/uploads\/2017\/08\/Apis-mellifera-03E.jpg\" alt=\"Apis mellifera, l'Abeille mellif\u00e8re -2-\" width=\"1280\" height=\"853\" srcset=\"https:\/\/alainlarivierephoto.com\/wp-content\/uploads\/2017\/08\/Apis-mellifera-03E.jpg 1280w, https:\/\/alainlarivierephoto.com\/wp-content\/uploads\/2017\/08\/Apis-mellifera-03E-180x120.jpg 180w, https:\/\/alainlarivierephoto.com\/wp-content\/uploads\/2017\/08\/Apis-mellifera-03E-300x200.jpg 300w, https:\/\/alainlarivierephoto.com\/wp-content\/uploads\/2017\/08\/Apis-mellifera-03E-768x512.jpg 768w\" sizes=\"auto, (max-width: 1280px) 100vw, 1280px\" \/><\/a><p id=\"caption-attachment-9818\" class=\"wp-caption-text\">Apis mellifera, l&rsquo;Abeille mellif\u00e8re<\/p><\/div>\n<p>&nbsp;<\/p>\n<p>R\u00e8gne\u00a0: Animalia.<br \/>\nEmbranchement\u00a0: Arthropoda.<br \/>\nSous-embranchement\u00a0: Hexapoda.<br \/>\nClasse\u00a0: Insecta.<br \/>\nSous-classe\u00a0: Pterygota.<br \/>\nInfra-classe\u00a0: Neoptera.<br \/>\nOrdre\u00a0: Hymenoptera.<br \/>\nSous-ordre\u00a0: Apocrita.<br \/>\nInfra-ordre\u00a0: Aculeata.<br \/>\nSuper-famille\u00a0: Apoidea.<br \/>\nFamille\u00a0: Apidae.<br \/>\nTribu\u00a0: Apini.<br \/>\nGenre\u00a0: <em>Apis<\/em>.<\/p>\n<p style=\"text-align: justify;\">Nom scientifique : <em>Apis mellifera<\/em> Linn\u00e9, 1758.<br \/>\nNom commun : Abeille domestique ; Abeille mellif\u00e8re.<\/p>\n<p style=\"text-align: justify;\">L&rsquo;Abeille mellif\u00e8re ou Abeille domestique (<em>Apis mellifera<\/em>) est sans nul doute l&rsquo;esp\u00e8ce la plus \u00e9volu\u00e9e de toutes les Abeilles de la famille des Apid\u00e9s (Apidae). Elle peut former des colonies extr\u00eamement populeuses de plusieurs milliers d&rsquo;individus comprenant une reine f\u00e9conde, de nombreuses ouvri\u00e8res st\u00e9riles et quelques m\u00e2les dont le seul but est de f\u00e9conder la future jeune reine lors du vol nuptial.\u2028 Cette esp\u00e8ce poss\u00e8de un v\u00e9ritable langage permettant aux individus de communiquer entre eux, notamment pour indiquer les distances des sources de nourriture par rapport \u00e0 la ruche et suivant la position du soleil dans le ciel.\u2028 Depuis l&rsquo;Antiquit\u00e9, l&rsquo;homme a su utiliser ses qualit\u00e9s de productrice de miel, mais \u00e9galement de cire et de propolis. Il n&rsquo;est pas \u00e9tonnant que l&rsquo;Abeille mellif\u00e8re soit le seul insecte vraiment domestique (avec le Ver \u00e0 soie).\u2028Son comportement est si remarquable que des chercheurs ont consacr\u00e9 leur vie \u00e0 l&rsquo;\u00e9tudier (ex. Karl von Frisch). Aujourd&rsquo;hui encore bien des aspects de leur biologie restent \u00e0 d\u00e9couvrir.\u2028 Avec l&rsquo;utilisation intensive des insecticides, pesticides et produits phytosanitaires, depuis quelques ann\u00e9es, ses populations sont en diminutions.<br \/>\nAlbert Einstein aura-t-il raison ?<\/p>\n<p>Pour plus d\u2019infos\u00a0: http:\/\/fr.wikipedia.org\/wiki\/Apis_mellifera<\/p>\n","protected":false},"excerpt":{"rendered":"<p>&nbsp; R\u00e8gne\u00a0: Animalia. Embranchement\u00a0: Arthropoda. Sous-embranchement\u00a0: Hexapoda. Classe\u00a0: Insecta. Sous-classe\u00a0: Pterygota. Infra-classe\u00a0: Neoptera. Ordre\u00a0: Hymenoptera. Sous-ordre\u00a0: Apocrita. Infra-ordre\u00a0: Aculeata. Super-famille\u00a0: Apoidea. Famille\u00a0: Apidae. Tribu\u00a0: Apini. Genre\u00a0: Apis. Nom scientifique : Apis mellifera Linn\u00e9, 1758. Nom commun : Abeille domestique ; Abeille mellif\u00e8re. L&rsquo;Abeille mellif\u00e8re ou Abeille domestique (Apis mellifera) est sans nul doute l&rsquo;esp\u00e8ce la [&hellip;]<\/p>\n","protected":false},"author":1,"featured_media":0,"comment_status":"open","ping_status":"open","sticky":false,"template":"","format":"standard","meta":{"footnotes":"","_links_to":"","_links_to_target":""},"categories":[6,10,8,7],"tags":[686,582,581,46,583,43,584,42],"class_list":["post-10007","post","type-post","status-publish","format-standard","hentry","category-faune","category-hymenopteres","category-insectes","category-invertebres","tag-abeille-mellifere","tag-apidae","tag-apide","tag-apis-mellifera","tag-hymenoptera","tag-hymenoptere","tag-insecta","tag-insecte"],"_links":{"self":[{"href":"https:\/\/alainlarivierephoto.com\/index.php?rest_route=\/wp\/v2\/posts\/10007","targetHints":{"allow":["GET"]}}],"collection":[{"href":"https:\/\/alainlarivierephoto.com\/index.php?rest_route=\/wp\/v2\/posts"}],"about":[{"href":"https:\/\/alainlarivierephoto.com\/index.php?rest_route=\/wp\/v2\/types\/post"}],"author":[{"embeddable":true,"href":"https:\/\/alainlarivierephoto.com\/index.php?rest_route=\/wp\/v2\/users\/1"}],"replies":[{"embeddable":true,"href":"https:\/\/alainlarivierephoto.com\/index.php?rest_route=%2Fwp%2Fv2%2Fcomments&post=10007"}],"version-history":[{"count":3,"href":"https:\/\/alainlarivierephoto.com\/index.php?rest_route=\/wp\/v2\/posts\/10007\/revisions"}],"predecessor-version":[{"id":10010,"href":"https:\/\/alainlarivierephoto.com\/index.php?rest_route=\/wp\/v2\/posts\/10007\/revisions\/10010"}],"wp:attachment":[{"href":"https:\/\/alainlarivierephoto.com\/index.php?rest_route=%2Fwp%2Fv2%2Fmedia&parent=10007"}],"wp:term":[{"taxonomy":"category","embeddable":true,"href":"https:\/\/alainlarivierephoto.com\/index.php?rest_route=%2Fwp%2Fv2%2Fcategories&post=10007"},{"taxonomy":"post_tag","embeddable":true,"href":"https:\/\/alainlarivierephoto.com\/index.php?rest_route=%2Fwp%2Fv2%2Ftags&post=10007"}],"curies":[{"name":"wp","href":"https:\/\/api.w.org\/{rel}","templated":true}]}}